{"id":2010,"date":"2017-06-24T10:15:46","date_gmt":"2017-06-24T13:15:46","guid":{"rendered":"http:\/\/professorjuniorgeo.com.br\/portal\/?p=2010"},"modified":"2017-06-24T10:15:46","modified_gmt":"2017-06-24T13:15:46","slug":"junior-geo-cobra-respeito-apos-mudancas-de-nomes-de-predios-publicos","status":"publish","type":"post","link":"https:\/\/professorjuniorgeo.com.br\/inicio\/blog\/2017\/06\/24\/junior-geo-cobra-respeito-apos-mudancas-de-nomes-de-predios-publicos\/","title":{"rendered":"J\u00fanior Geo cobra respeito ap\u00f3s mudan\u00e7as de nomes de pr\u00e9dios p\u00fablicos"},"content":{"rendered":"<p><em>Projeto de Lei do Executivo foi aprovado na Casa de Leis alterando homenagem j\u00e1 realizada e aprovada anteriormente pelo pr\u00f3prio legislativo.<\/em><\/p>\n<p>O vereador professor J\u00fanior Geo (PROS) fez uso da tribuna na sess\u00e3o extraordin\u00e1ria desta sexta-feira, 23, para cobrar respeito do Executivo em rela\u00e7\u00e3o \u00e0s decis\u00f5es da C\u00e2mara Municipal de Palmas e \u00e0 pr\u00f3pria sociedade. A discuss\u00e3o ocorreu ap\u00f3s a tentativa de mudan\u00e7a do nome inicialmente votado em 2012 como Escola Municipal de Tempo Integral Osmar Duailibe para uma escola municipal na 1306 sul, ARSE 132. O Executivo apresentou um Projeto de Lei \u00e0 Casa com a inten\u00e7\u00e3o de fixar o novo nome para Col\u00e9gio For\u00e7as no Esporte Almirante Tamandar\u00e9.<\/p>\n<p>Para J\u00fanior Geo, o impasse poderia ter sido evitado se houvesse di\u00e1logo entre as fam\u00edlias dos homenageados para evitar tamanho desconforto. \u201cTirar uma homenagem em um nome de uma institui\u00e7\u00e3o ou mesmo qualquer pr\u00e9dio p\u00fablico \u00e9 um grande desrespeito com os envolvidos e \u00e0 pr\u00f3pria sociedade\u201d, afirmou.<\/p>\n<p>O parlamentar acrescentou que h\u00e1 a necessidade de estabelecer crit\u00e9rios para a nomea\u00e7\u00e3o dos locais p\u00fablicos em Palmas, nomes que d\u00e3o sentido a fortalecer a hist\u00f3ria e cultura da capital. Independente disso, Geo considera que n\u00e3o se deve desrespeitar as homenagens j\u00e1 existentes, nem mesmo as decis\u00f5es j\u00e1 estabelecidas.\u00a0 \u201cO que n\u00f3s temos aqui, infelizmente, \u00e9 uma aus\u00eancia de respeito por parte do Executivo e da mesa diretora, atropelando as fam\u00edlias\u201d, afirmou.<\/p>\n<p>Geo encerrou cobrando que se repense a forma como as decis\u00f5es t\u00eam sido tomadas. \u201c\u00c9 necess\u00e1rio respeito do Executivo para o Legislativo, do Legislativo com o Executivo e com toda a sociedade. Essa aus\u00eancia \u00e9 o que mais me chateia. Daqui a pouco se muda o nome de escolas de pessoas que fizeram hist\u00f3ria no munic\u00edpio de Palmas, daqui a pouco fazem desta Casa de Leis um anexo do Executivo, pois a maioria continua atendendo as suas vontades mesmo quando n\u00e3o faz sentido\u201d, afirmou.<\/p>\n<p><strong>\u00a0<\/strong><\/p>\n<p><strong>Entenda os tr\u00e2mites<\/strong><\/p>\n<p>O PL apresentado neste ano com a inten\u00e7\u00e3o de mudar o nome foi arquivado pela Comiss\u00e3o de Constitui\u00e7\u00e3o, Justi\u00e7a e Reda\u00e7\u00e3o com o argumento de que a homenagem j\u00e1 havia sido feita e votada. Ap\u00f3s o arquivamento, a prefeitura distribuiu convites para a inaugura\u00e7\u00e3o do col\u00e9gio prevista para o pr\u00f3ximo dia 26 deste m\u00eas com o nome n\u00e3o aprovado pela C\u00e2mara Municipal de Palmas. Para regularizar a a\u00e7\u00e3o, o l\u00edder do Governo no Legislativo Municipal, Major Negreiros (PSB), apresentou um requerimento tentando novamente a mudan\u00e7a de nome, desconsiderando a homenagem j\u00e1 ocorrida.<\/p>\n","protected":false},"excerpt":{"rendered":"<p>Projeto de Lei do Executivo foi aprovado na Casa de Leis alterando homenagem j\u00e1 realizada e aprovada anteriormente pelo pr\u00f3prio legislativo. O vereador professor J\u00fanior Geo (PROS) fez uso da tribuna na sess\u00e3o extraordin\u00e1ria desta sexta-feira, 23, para cobrar respeito do Executivo em rela\u00e7\u00e3o \u00e0s decis\u00f5es da C\u00e2mara Municipal de Palmas e \u00e0 pr\u00f3pria sociedade. [&hellip;]<\/p>\n","protected":false},"author":3,"featured_media":1710,"comment_status":"open","ping_status":"open","sticky":false,"template":"","format":"standard","meta":{"ngg_post_thumbnail":0,"footnotes":"","_links_to":"","_links_to_target":""},"categories":[23],"tags":[],"class_list":{"0":"post-2010","1":"post","2":"type-post","3":"status-publish","4":"format-standard","5":"has-post-thumbnail","7":"category-noticias"},"yoast_head":"<!-- This site is optimized with the Yoast SEO plugin v27.2 - https:\/\/yoast.com\/product\/yoast-seo-wordpress\/ -->\n<title>J\u00fanior Geo cobra respeito ap\u00f3s mudan\u00e7as de nomes de pr\u00e9dios p\u00fablicos - Junior Geo<\/title>\n<meta name=\"robots\" content=\"index, follow, max-snippet:-1, max-image-preview:large, max-video-preview:-1\" \/>\n<link rel=\"canonical\" href=\"https:\/\/professorjuniorgeo.com.br\/inicio\/blog\/2017\/06\/24\/junior-geo-cobra-respeito-apos-mudancas-de-nomes-de-predios-publicos\/\" \/>\n<meta property=\"og:locale\" content=\"pt_PT\" \/>\n<meta property=\"og:type\" content=\"article\" \/>\n<meta property=\"og:title\" content=\"J\u00fanior Geo cobra respeito ap\u00f3s mudan\u00e7as de nomes de pr\u00e9dios p\u00fablicos - Junior Geo\" \/>\n<meta property=\"og:description\" content=\"Projeto de Lei do Executivo foi aprovado na Casa de Leis alterando homenagem j\u00e1 realizada e aprovada anteriormente pelo pr\u00f3prio legislativo. O vereador professor J\u00fanior Geo (PROS) fez uso da tribuna na sess\u00e3o extraordin\u00e1ria desta sexta-feira, 23, para cobrar respeito do Executivo em rela\u00e7\u00e3o \u00e0s decis\u00f5es da C\u00e2mara Municipal de Palmas e \u00e0 pr\u00f3pria sociedade. [&hellip;]\" \/>\n<meta property=\"og:url\" content=\"https:\/\/professorjuniorgeo.com.br\/inicio\/blog\/2017\/06\/24\/junior-geo-cobra-respeito-apos-mudancas-de-nomes-de-predios-publicos\/\" \/>\n<meta property=\"og:site_name\" content=\"Junior Geo\" \/>\n<meta property=\"article:published_time\" content=\"2017-06-24T13:15:46+00:00\" \/>\n<meta property=\"og:image\" content=\"https:\/\/professorjuniorgeo.com.br\/inicio\/blog\/wp-content\/uploads\/2017\/05\/220_3285.jpg\" \/>\n\t<meta property=\"og:image:width\" content=\"1\" \/>\n\t<meta property=\"og:image:height\" content=\"1\" \/>\n\t<meta property=\"og:image:type\" content=\"image\/jpeg\" \/>\n<meta name=\"author\" content=\"Junior Geo\" \/>\n<meta name=\"twitter:card\" content=\"summary_large_image\" \/>\n<meta name=\"twitter:creator\" content=\"@prof_juniorgeo\" \/>\n<meta name=\"twitter:site\" content=\"@prof_juniorgeo\" \/>\n<meta name=\"twitter:label1\" content=\"Written by\" \/>\n\t<meta name=\"twitter:data1\" content=\"Junior Geo\" \/>\n\t<meta name=\"twitter:label2\" content=\"Est. reading time\" \/>\n\t<meta name=\"twitter:data2\" content=\"2 minutos\" \/>\n<script type=\"application\/ld+json\" class=\"yoast-schema-graph\">{\"@context\":\"https:\/\/schema.org\",\"@graph\":[{\"@type\":\"Article\",\"@id\":\"https:\/\/professorjuniorgeo.com.br\/inicio\/blog\/2017\/06\/24\/junior-geo-cobra-respeito-apos-mudancas-de-nomes-de-predios-publicos\/#article\",\"isPartOf\":{\"@id\":\"https:\/\/professorjuniorgeo.com.br\/inicio\/blog\/2017\/06\/24\/junior-geo-cobra-respeito-apos-mudancas-de-nomes-de-predios-publicos\/\"},\"author\":{\"name\":\"Junior Geo\",\"@id\":\"https:\/\/professorjuniorgeo.com.br\/inicio\/blog\/#\/schema\/person\/b410d99e2a067c5581355dacd1508d03\"},\"headline\":\"J\u00fanior Geo cobra respeito ap\u00f3s mudan\u00e7as de nomes de pr\u00e9dios p\u00fablicos\",\"datePublished\":\"2017-06-24T13:15:46+00:00\",\"mainEntityOfPage\":{\"@id\":\"https:\/\/professorjuniorgeo.com.br\/inicio\/blog\/2017\/06\/24\/junior-geo-cobra-respeito-apos-mudancas-de-nomes-de-predios-publicos\/\"},\"wordCount\":466,\"commentCount\":0,\"publisher\":{\"@id\":\"https:\/\/professorjuniorgeo.com.br\/inicio\/blog\/#organization\"},\"image\":{\"@id\":\"https:\/\/professorjuniorgeo.com.br\/inicio\/blog\/2017\/06\/24\/junior-geo-cobra-respeito-apos-mudancas-de-nomes-de-predios-publicos\/#primaryimage\"},\"thumbnailUrl\":\"https:\/\/professorjuniorgeo.com.br\/inicio\/blog\/wp-content\/uploads\/2017\/05\/220_3285.jpg\",\"articleSection\":[\"Not\u00edcias\"],\"inLanguage\":\"pt-PT\",\"potentialAction\":[{\"@type\":\"CommentAction\",\"name\":\"Comment\",\"target\":[\"https:\/\/professorjuniorgeo.com.br\/inicio\/blog\/2017\/06\/24\/junior-geo-cobra-respeito-apos-mudancas-de-nomes-de-predios-publicos\/#respond\"]}]},{\"@type\":\"WebPage\",\"@id\":\"https:\/\/professorjuniorgeo.com.br\/inicio\/blog\/2017\/06\/24\/junior-geo-cobra-respeito-apos-mudancas-de-nomes-de-predios-publicos\/\",\"url\":\"https:\/\/professorjuniorgeo.com.br\/inicio\/blog\/2017\/06\/24\/junior-geo-cobra-respeito-apos-mudancas-de-nomes-de-predios-publicos\/\",\"name\":\"J\u00fanior Geo cobra respeito ap\u00f3s mudan\u00e7as de nomes de pr\u00e9dios p\u00fablicos - Junior Geo\",\"isPartOf\":{\"@id\":\"https:\/\/professorjuniorgeo.com.br\/inicio\/blog\/#website\"},\"primaryImageOfPage\":{\"@id\":\"https:\/\/professorjuniorgeo.com.br\/inicio\/blog\/2017\/06\/24\/junior-geo-cobra-respeito-apos-mudancas-de-nomes-de-predios-publicos\/#primaryimage\"},\"image\":{\"@id\":\"https:\/\/professorjuniorgeo.com.br\/inicio\/blog\/2017\/06\/24\/junior-geo-cobra-respeito-apos-mudancas-de-nomes-de-predios-publicos\/#primaryimage\"},\"thumbnailUrl\":\"https:\/\/professorjuniorgeo.com.br\/inicio\/blog\/wp-content\/uploads\/2017\/05\/220_3285.jpg\",\"datePublished\":\"2017-06-24T13:15:46+00:00\",\"breadcrumb\":{\"@id\":\"https:\/\/professorjuniorgeo.com.br\/inicio\/blog\/2017\/06\/24\/junior-geo-cobra-respeito-apos-mudancas-de-nomes-de-predios-publicos\/#breadcrumb\"},\"inLanguage\":\"pt-PT\",\"potentialAction\":[{\"@type\":\"ReadAction\",\"target\":[\"https:\/\/professorjuniorgeo.com.br\/inicio\/blog\/2017\/06\/24\/junior-geo-cobra-respeito-apos-mudancas-de-nomes-de-predios-publicos\/\"]}]},{\"@type\":\"ImageObject\",\"inLanguage\":\"pt-PT\",\"@id\":\"https:\/\/professorjuniorgeo.com.br\/inicio\/blog\/2017\/06\/24\/junior-geo-cobra-respeito-apos-mudancas-de-nomes-de-predios-publicos\/#primaryimage\",\"url\":\"https:\/\/professorjuniorgeo.com.br\/inicio\/blog\/wp-content\/uploads\/2017\/05\/220_3285.jpg\",\"contentUrl\":\"https:\/\/professorjuniorgeo.com.br\/inicio\/blog\/wp-content\/uploads\/2017\/05\/220_3285.jpg\"},{\"@type\":\"BreadcrumbList\",\"@id\":\"https:\/\/professorjuniorgeo.com.br\/inicio\/blog\/2017\/06\/24\/junior-geo-cobra-respeito-apos-mudancas-de-nomes-de-predios-publicos\/#breadcrumb\",\"itemListElement\":[{\"@type\":\"ListItem\",\"position\":1,\"name\":\"Home\",\"item\":\"https:\/\/professorjuniorgeo.com.br\/inicio\/blog\/\"},{\"@type\":\"ListItem\",\"position\":2,\"name\":\"J\u00fanior Geo cobra respeito ap\u00f3s mudan\u00e7as de nomes de pr\u00e9dios p\u00fablicos\"}]},{\"@type\":\"WebSite\",\"@id\":\"https:\/\/professorjuniorgeo.com.br\/inicio\/blog\/#website\",\"url\":\"https:\/\/professorjuniorgeo.com.br\/inicio\/blog\/\",\"name\":\"Junior Geo Deputado Estadual\",\"description\":\"Professor Junior Geo\",\"publisher\":{\"@id\":\"https:\/\/professorjuniorgeo.com.br\/inicio\/blog\/#organization\"},\"potentialAction\":[{\"@type\":\"SearchAction\",\"target\":{\"@type\":\"EntryPoint\",\"urlTemplate\":\"https:\/\/professorjuniorgeo.com.br\/inicio\/blog\/?s={search_term_string}\"},\"query-input\":{\"@type\":\"PropertyValueSpecification\",\"valueRequired\":true,\"valueName\":\"search_term_string\"}}],\"inLanguage\":\"pt-PT\"},{\"@type\":\"Organization\",\"@id\":\"https:\/\/professorjuniorgeo.com.br\/inicio\/blog\/#organization\",\"name\":\"Junior Geo Deputado Estadual\",\"url\":\"https:\/\/professorjuniorgeo.com.br\/inicio\/blog\/\",\"logo\":{\"@type\":\"ImageObject\",\"inLanguage\":\"pt-PT\",\"@id\":\"https:\/\/professorjuniorgeo.com.br\/inicio\/blog\/#\/schema\/logo\/image\/\",\"url\":\"https:\/\/professorjuniorgeo.com.br\/inicio\/blog\/wp-content\/uploads\/2023\/02\/cropped-logo.png\",\"contentUrl\":\"https:\/\/professorjuniorgeo.com.br\/inicio\/blog\/wp-content\/uploads\/2023\/02\/cropped-logo.png\",\"width\":1736,\"height\":416,\"caption\":\"Junior Geo Deputado Estadual\"},\"image\":{\"@id\":\"https:\/\/professorjuniorgeo.com.br\/inicio\/blog\/#\/schema\/logo\/image\/\"},\"sameAs\":[\"https:\/\/x.com\/prof_juniorgeo\",\"https:\/\/www.instagram.com\/prof_juniorgeo\/\"]},{\"@type\":\"Person\",\"@id\":\"https:\/\/professorjuniorgeo.com.br\/inicio\/blog\/#\/schema\/person\/b410d99e2a067c5581355dacd1508d03\",\"name\":\"Junior Geo\",\"image\":{\"@type\":\"ImageObject\",\"inLanguage\":\"pt-PT\",\"@id\":\"https:\/\/secure.gravatar.com\/avatar\/4a183b8fe59449f23caec60faabe3ad350a91e0b8cdf49ada6b375a741cf53e5?s=96&d=mm&r=g\",\"url\":\"https:\/\/secure.gravatar.com\/avatar\/4a183b8fe59449f23caec60faabe3ad350a91e0b8cdf49ada6b375a741cf53e5?s=96&d=mm&r=g\",\"contentUrl\":\"https:\/\/secure.gravatar.com\/avatar\/4a183b8fe59449f23caec60faabe3ad350a91e0b8cdf49ada6b375a741cf53e5?s=96&d=mm&r=g\",\"caption\":\"Junior Geo\"},\"url\":\"https:\/\/professorjuniorgeo.com.br\/inicio\/blog\/author\/juniorgeo\/\"}]}<\/script>\n<!-- \/ Yoast SEO plugin. -->","yoast_head_json":{"title":"J\u00fanior Geo cobra respeito ap\u00f3s mudan\u00e7as de nomes de pr\u00e9dios p\u00fablicos - Junior Geo","robots":{"index":"index","follow":"follow","max-snippet":"max-snippet:-1","max-image-preview":"max-image-preview:large","max-video-preview":"max-video-preview:-1"},"canonical":"https:\/\/professorjuniorgeo.com.br\/inicio\/blog\/2017\/06\/24\/junior-geo-cobra-respeito-apos-mudancas-de-nomes-de-predios-publicos\/","og_locale":"pt_PT","og_type":"article","og_title":"J\u00fanior Geo cobra respeito ap\u00f3s mudan\u00e7as de nomes de pr\u00e9dios p\u00fablicos - Junior Geo","og_description":"Projeto de Lei do Executivo foi aprovado na Casa de Leis alterando homenagem j\u00e1 realizada e aprovada anteriormente pelo pr\u00f3prio legislativo. O vereador professor J\u00fanior Geo (PROS) fez uso da tribuna na sess\u00e3o extraordin\u00e1ria desta sexta-feira, 23, para cobrar respeito do Executivo em rela\u00e7\u00e3o \u00e0s decis\u00f5es da C\u00e2mara Municipal de Palmas e \u00e0 pr\u00f3pria sociedade. [&hellip;]","og_url":"https:\/\/professorjuniorgeo.com.br\/inicio\/blog\/2017\/06\/24\/junior-geo-cobra-respeito-apos-mudancas-de-nomes-de-predios-publicos\/","og_site_name":"Junior Geo","article_published_time":"2017-06-24T13:15:46+00:00","og_image":[{"url":"https:\/\/professorjuniorgeo.com.br\/inicio\/blog\/wp-content\/uploads\/2017\/05\/220_3285.jpg","width":1,"height":1,"type":"image\/jpeg"}],"author":"Junior Geo","twitter_card":"summary_large_image","twitter_creator":"@prof_juniorgeo","twitter_site":"@prof_juniorgeo","twitter_misc":{"Written by":"Junior Geo","Est. reading time":"2 minutos"},"schema":{"@context":"https:\/\/schema.org","@graph":[{"@type":"Article","@id":"https:\/\/professorjuniorgeo.com.br\/inicio\/blog\/2017\/06\/24\/junior-geo-cobra-respeito-apos-mudancas-de-nomes-de-predios-publicos\/#article","isPartOf":{"@id":"https:\/\/professorjuniorgeo.com.br\/inicio\/blog\/2017\/06\/24\/junior-geo-cobra-respeito-apos-mudancas-de-nomes-de-predios-publicos\/"},"author":{"name":"Junior Geo","@id":"https:\/\/professorjuniorgeo.com.br\/inicio\/blog\/#\/schema\/person\/b410d99e2a067c5581355dacd1508d03"},"headline":"J\u00fanior Geo cobra respeito ap\u00f3s mudan\u00e7as de nomes de pr\u00e9dios p\u00fablicos","datePublished":"2017-06-24T13:15:46+00:00","mainEntityOfPage":{"@id":"https:\/\/professorjuniorgeo.com.br\/inicio\/blog\/2017\/06\/24\/junior-geo-cobra-respeito-apos-mudancas-de-nomes-de-predios-publicos\/"},"wordCount":466,"commentCount":0,"publisher":{"@id":"https:\/\/professorjuniorgeo.com.br\/inicio\/blog\/#organization"},"image":{"@id":"https:\/\/professorjuniorgeo.com.br\/inicio\/blog\/2017\/06\/24\/junior-geo-cobra-respeito-apos-mudancas-de-nomes-de-predios-publicos\/#primaryimage"},"thumbnailUrl":"https:\/\/professorjuniorgeo.com.br\/inicio\/blog\/wp-content\/uploads\/2017\/05\/220_3285.jpg","articleSection":["Not\u00edcias"],"inLanguage":"pt-PT","potentialAction":[{"@type":"CommentAction","name":"Comment","target":["https:\/\/professorjuniorgeo.com.br\/inicio\/blog\/2017\/06\/24\/junior-geo-cobra-respeito-apos-mudancas-de-nomes-de-predios-publicos\/#respond"]}]},{"@type":"WebPage","@id":"https:\/\/professorjuniorgeo.com.br\/inicio\/blog\/2017\/06\/24\/junior-geo-cobra-respeito-apos-mudancas-de-nomes-de-predios-publicos\/","url":"https:\/\/professorjuniorgeo.com.br\/inicio\/blog\/2017\/06\/24\/junior-geo-cobra-respeito-apos-mudancas-de-nomes-de-predios-publicos\/","name":"J\u00fanior Geo cobra respeito ap\u00f3s mudan\u00e7as de nomes de pr\u00e9dios p\u00fablicos - Junior Geo","isPartOf":{"@id":"https:\/\/professorjuniorgeo.com.br\/inicio\/blog\/#website"},"primaryImageOfPage":{"@id":"https:\/\/professorjuniorgeo.com.br\/inicio\/blog\/2017\/06\/24\/junior-geo-cobra-respeito-apos-mudancas-de-nomes-de-predios-publicos\/#primaryimage"},"image":{"@id":"https:\/\/professorjuniorgeo.com.br\/inicio\/blog\/2017\/06\/24\/junior-geo-cobra-respeito-apos-mudancas-de-nomes-de-predios-publicos\/#primaryimage"},"thumbnailUrl":"https:\/\/professorjuniorgeo.com.br\/inicio\/blog\/wp-content\/uploads\/2017\/05\/220_3285.jpg","datePublished":"2017-06-24T13:15:46+00:00","breadcrumb":{"@id":"https:\/\/professorjuniorgeo.com.br\/inicio\/blog\/2017\/06\/24\/junior-geo-cobra-respeito-apos-mudancas-de-nomes-de-predios-publicos\/#breadcrumb"},"inLanguage":"pt-PT","potentialAction":[{"@type":"ReadAction","target":["https:\/\/professorjuniorgeo.com.br\/inicio\/blog\/2017\/06\/24\/junior-geo-cobra-respeito-apos-mudancas-de-nomes-de-predios-publicos\/"]}]},{"@type":"ImageObject","inLanguage":"pt-PT","@id":"https:\/\/professorjuniorgeo.com.br\/inicio\/blog\/2017\/06\/24\/junior-geo-cobra-respeito-apos-mudancas-de-nomes-de-predios-publicos\/#primaryimage","url":"https:\/\/professorjuniorgeo.com.br\/inicio\/blog\/wp-content\/uploads\/2017\/05\/220_3285.jpg","contentUrl":"https:\/\/professorjuniorgeo.com.br\/inicio\/blog\/wp-content\/uploads\/2017\/05\/220_3285.jpg"},{"@type":"BreadcrumbList","@id":"https:\/\/professorjuniorgeo.com.br\/inicio\/blog\/2017\/06\/24\/junior-geo-cobra-respeito-apos-mudancas-de-nomes-de-predios-publicos\/#breadcrumb","itemListElement":[{"@type":"ListItem","position":1,"name":"Home","item":"https:\/\/professorjuniorgeo.com.br\/inicio\/blog\/"},{"@type":"ListItem","position":2,"name":"J\u00fanior Geo cobra respeito ap\u00f3s mudan\u00e7as de nomes de pr\u00e9dios p\u00fablicos"}]},{"@type":"WebSite","@id":"https:\/\/professorjuniorgeo.com.br\/inicio\/blog\/#website","url":"https:\/\/professorjuniorgeo.com.br\/inicio\/blog\/","name":"Junior Geo Deputado Estadual","description":"Professor Junior Geo","publisher":{"@id":"https:\/\/professorjuniorgeo.com.br\/inicio\/blog\/#organization"},"potentialAction":[{"@type":"SearchAction","target":{"@type":"EntryPoint","urlTemplate":"https:\/\/professorjuniorgeo.com.br\/inicio\/blog\/?s={search_term_string}"},"query-input":{"@type":"PropertyValueSpecification","valueRequired":true,"valueName":"search_term_string"}}],"inLanguage":"pt-PT"},{"@type":"Organization","@id":"https:\/\/professorjuniorgeo.com.br\/inicio\/blog\/#organization","name":"Junior Geo Deputado Estadual","url":"https:\/\/professorjuniorgeo.com.br\/inicio\/blog\/","logo":{"@type":"ImageObject","inLanguage":"pt-PT","@id":"https:\/\/professorjuniorgeo.com.br\/inicio\/blog\/#\/schema\/logo\/image\/","url":"https:\/\/professorjuniorgeo.com.br\/inicio\/blog\/wp-content\/uploads\/2023\/02\/cropped-logo.png","contentUrl":"https:\/\/professorjuniorgeo.com.br\/inicio\/blog\/wp-content\/uploads\/2023\/02\/cropped-logo.png","width":1736,"height":416,"caption":"Junior Geo Deputado Estadual"},"image":{"@id":"https:\/\/professorjuniorgeo.com.br\/inicio\/blog\/#\/schema\/logo\/image\/"},"sameAs":["https:\/\/x.com\/prof_juniorgeo","https:\/\/www.instagram.com\/prof_juniorgeo\/"]},{"@type":"Person","@id":"https:\/\/professorjuniorgeo.com.br\/inicio\/blog\/#\/schema\/person\/b410d99e2a067c5581355dacd1508d03","name":"Junior Geo","image":{"@type":"ImageObject","inLanguage":"pt-PT","@id":"https:\/\/secure.gravatar.com\/avatar\/4a183b8fe59449f23caec60faabe3ad350a91e0b8cdf49ada6b375a741cf53e5?s=96&d=mm&r=g","url":"https:\/\/secure.gravatar.com\/avatar\/4a183b8fe59449f23caec60faabe3ad350a91e0b8cdf49ada6b375a741cf53e5?s=96&d=mm&r=g","contentUrl":"https:\/\/secure.gravatar.com\/avatar\/4a183b8fe59449f23caec60faabe3ad350a91e0b8cdf49ada6b375a741cf53e5?s=96&d=mm&r=g","caption":"Junior Geo"},"url":"https:\/\/professorjuniorgeo.com.br\/inicio\/blog\/author\/juniorgeo\/"}]}},"_links":{"self":[{"href":"https:\/\/professorjuniorgeo.com.br\/inicio\/blog\/wp-json\/wp\/v2\/posts\/2010","targetHints":{"allow":["GET"]}}],"collection":[{"href":"https:\/\/professorjuniorgeo.com.br\/inicio\/blog\/wp-json\/wp\/v2\/posts"}],"about":[{"href":"https:\/\/professorjuniorgeo.com.br\/inicio\/blog\/wp-json\/wp\/v2\/types\/post"}],"author":[{"embeddable":true,"href":"https:\/\/professorjuniorgeo.com.br\/inicio\/blog\/wp-json\/wp\/v2\/users\/3"}],"replies":[{"embeddable":true,"href":"https:\/\/professorjuniorgeo.com.br\/inicio\/blog\/wp-json\/wp\/v2\/comments?post=2010"}],"version-history":[{"count":0,"href":"https:\/\/professorjuniorgeo.com.br\/inicio\/blog\/wp-json\/wp\/v2\/posts\/2010\/revisions"}],"wp:featuredmedia":[{"embeddable":true,"href":"https:\/\/professorjuniorgeo.com.br\/inicio\/blog\/wp-json\/wp\/v2\/media\/1710"}],"wp:attachment":[{"href":"https:\/\/professorjuniorgeo.com.br\/inicio\/blog\/wp-json\/wp\/v2\/media?parent=2010"}],"wp:term":[{"taxonomy":"category","embeddable":true,"href":"https:\/\/professorjuniorgeo.com.br\/inicio\/blog\/wp-json\/wp\/v2\/categories?post=2010"},{"taxonomy":"post_tag","embeddable":true,"href":"https:\/\/professorjuniorgeo.com.br\/inicio\/blog\/wp-json\/wp\/v2\/tags?post=2010"}],"curies":[{"name":"wp","href":"https:\/\/api.w.org\/{rel}","templated":true}]}}