{"id":8282,"date":"2026-04-27T11:37:44","date_gmt":"2026-04-27T11:37:44","guid":{"rendered":"https:\/\/professorjuniorgeo.com.br\/inicio\/blog\/?p=8282"},"modified":"2026-04-27T11:54:24","modified_gmt":"2026-04-27T11:54:24","slug":"dep-prof-junior-geo-quer-a-criacao-de-cadastro-reserva-para-quadro-de-oficiais-bombeiros-militares-qobm-e-de-pracas-bombeiros-militares-qpbm","status":"publish","type":"post","link":"https:\/\/professorjuniorgeo.com.br\/inicio\/blog\/2026\/04\/27\/dep-prof-junior-geo-quer-a-criacao-de-cadastro-reserva-para-quadro-de-oficiais-bombeiros-militares-qobm-e-de-pracas-bombeiros-militares-qpbm\/","title":{"rendered":"Dep. Prof. J\u00fanior Geo quer a cria\u00e7\u00e3o de cadastro reserva para Quadro de Oficiais Bombeiros Militares (QOBM) e de Pra\u00e7as Bombeiros Militares (QPBM)"},"content":{"rendered":"<p style=\"text-align: justify;\">Est\u00e1 tramitando na Assembleia Legislativa do Tocantins (Aleto), requerimento de urg\u00eancia do deputado estadual Professor J\u00fanior Geo (PSDB), solicitando a ado\u00e7\u00e3o das medidas administrativas necess\u00e1rias para viabilizar a cria\u00e7\u00e3o de cadastro reserva no concurso p\u00fablico destinado ao provimento de vagas do Quadro de Oficiais Bombeiros Militares (QOBM) e do Quadro de Pra\u00e7as Bombeiros Militares (QPBM), cujo prazo de validade foi recentemente prorrogada por mais dois anos.<\/p>\n<p style=\"text-align: justify;\"><strong>Interesse P\u00fablico<\/strong><\/p>\n<p style=\"text-align: justify;\">De acordo com o deputado Geo, a proposi\u00e7\u00e3o tem por finalidade atender a relevante demanda social apresentada por candidatos participantes do referido certame, bem como, resguardar o interesse p\u00fablico na adequada recomposi\u00e7\u00e3o e amplia\u00e7\u00e3o do efetivo do Corpo de Bombeiros Militar do Estado do Tocantins.<\/p>\n<p style=\"text-align: justify;\"><strong>Inexist\u00eancia<\/strong><\/p>\n<p style=\"text-align: justify;\">\u201cO concurso p\u00fablico em quest\u00e3o apresenta quantitativo reduzido ou praticamente inexistente de cadastro reserva, o que limita sobremaneira a possibilidade de convoca\u00e7\u00e3o de novos candidatos ao longo de sua vig\u00eancia, mesmo diante da comprovada necessidade de refor\u00e7o no efetivo da corpora\u00e7\u00e3o\u201d, argumenta o parlamentar.<\/p>\n<p style=\"text-align: justify;\"><strong>Necess\u00e1ria<\/strong><\/p>\n<p style=\"text-align: justify;\">\u201cA prorroga\u00e7\u00e3o por mais dois anos evidencia a inten\u00e7\u00e3o da administra\u00e7\u00e3o p\u00fablica em manter sua validade ativa para futuras convoca\u00e7\u00f5es\u201d, explica o Prof. J\u00fanior Geo, advertindo de que: \u201ca aus\u00eancia de um cadastro reserva robusto compromete a efici\u00eancia dessa prorroga\u00e7\u00e3o, restringindo o alcance de novas chamadas para as etapas subsequentes, tais como Teste de Aptid\u00e3o F\u00edsica (TAF), avalia\u00e7\u00f5es de sa\u00fade e demais processos\u201d.<\/p>\n<p style=\"text-align: justify;\"><strong>Fortalecer<\/strong><\/p>\n<p style=\"text-align: justify;\">Geo destaca ainda que a iniciativa contribui diretamente para fortalecimento da seguran\u00e7a p\u00fablica e da capacidade operacional do Corpo de Bombeiros Militar, institui\u00e7\u00e3o essencial \u00e0 prote\u00e7\u00e3o da vida, do patrim\u00f4nio e do meio ambiente no Estado do Tocantins.<\/p>\n<p style=\"text-align: justify;\"><strong>Reconhecimento<\/strong><\/p>\n<p style=\"text-align: justify;\">J\u00fanior Geo destaca que \u201ca iniciativa a amplia\u00e7\u00e3o do n\u00famero de candidatos aptos nas fases subsequentes do certame representa n\u00e3o apenas uma medida administrativa estrat\u00e9gica, mas tamb\u00e9m um reconhecimento ao esfor\u00e7o e \u00e0 dedica\u00e7\u00e3o de milhares de candidatos que almejam integrar a corpora\u00e7\u00e3o, gerando impacto social positivo para diversas fam\u00edlias tocantinenses\u201d &#8211; conclui.<\/p>\n<p style=\"text-align: justify;\"><strong>10 Milh\u00f5es<\/strong><\/p>\n<p style=\"text-align: justify;\">Na atua\u00e7\u00e3o como deputado estadual, o Professor J\u00fanior Geo (PSDB) destinou cerca de R$ 10 milh\u00f5es em emendas parlamentares para o fortalecimento das For\u00e7as de Seguran\u00e7a P\u00fablica no Tocantins. Parceiro da categoria, Geo garantiu capacita\u00e7\u00e3o e a aquisi\u00e7\u00e3o de mobili\u00e1rio, viaturas entre outros equipamentos, al\u00e9m de cursos de forma\u00e7\u00e3o.<\/p>\n<p><img loading=\"lazy\" decoding=\"async\" class=\"alignnone wp-image-8285 size-large\" src=\"https:\/\/professorjuniorgeo.com.br\/inicio\/blog\/wp-content\/uploads\/2026\/04\/WhatsApp-Image-2026-04-22-at-14.14.38-1024x683.jpeg\" width=\"696\" height=\"464\" srcset=\"https:\/\/professorjuniorgeo.com.br\/inicio\/blog\/wp-content\/uploads\/2026\/04\/WhatsApp-Image-2026-04-22-at-14.14.38-1024x683.jpeg 1024w, https:\/\/professorjuniorgeo.com.br\/inicio\/blog\/wp-content\/uploads\/2026\/04\/WhatsApp-Image-2026-04-22-at-14.14.38-300x200.jpeg 300w, https:\/\/professorjuniorgeo.com.br\/inicio\/blog\/wp-content\/uploads\/2026\/04\/WhatsApp-Image-2026-04-22-at-14.14.38-768x512.jpeg 768w, https:\/\/professorjuniorgeo.com.br\/inicio\/blog\/wp-content\/uploads\/2026\/04\/WhatsApp-Image-2026-04-22-at-14.14.38-150x100.jpeg 150w, https:\/\/professorjuniorgeo.com.br\/inicio\/blog\/wp-content\/uploads\/2026\/04\/WhatsApp-Image-2026-04-22-at-14.14.38-696x464.jpeg 696w, https:\/\/professorjuniorgeo.com.br\/inicio\/blog\/wp-content\/uploads\/2026\/04\/WhatsApp-Image-2026-04-22-at-14.14.38.jpeg 1068w\" sizes=\"auto, (max-width: 696px) 100vw, 696px\" \/><\/p>\n<p style=\"text-align: justify;\"><strong>Defesa<\/strong><\/p>\n<p style=\"text-align: justify;\">Na tribuna, J\u00fanior Geo sempre defendeu a realiza\u00e7\u00e3o e a prorroga\u00e7\u00e3o dos concursos da seguran\u00e7a p\u00fablica, com o objetivo de sanar problemas decorrentes do d\u00e9ficit de efetivo e priorizar a seguran\u00e7a da popula\u00e7\u00e3o tocantinense. O deputado Geo tamb\u00e9m foi respons\u00e1vel pela Proposta de Emenda Constitucional que instituiu a Pol\u00edcia Penal no Estado.<\/p>\n","protected":false},"excerpt":{"rendered":"<p>Est\u00e1 tramitando na Assembleia Legislativa do Tocantins (Aleto), requerimento de urg\u00eancia do deputado estadual Professor J\u00fanior Geo (PSDB), solicitando a ado\u00e7\u00e3o das medidas administrativas necess\u00e1rias para viabilizar a cria\u00e7\u00e3o de cadastro reserva no concurso p\u00fablico destinado ao provimento de vagas do Quadro de Oficiais Bombeiros Militares (QOBM) e do Quadro de Pra\u00e7as Bombeiros Militares (QPBM), [&hellip;]<\/p>\n","protected":false},"author":3765,"featured_media":8283,"comment_status":"open","ping_status":"open","sticky":false,"template":"","format":"aside","meta":{"ngg_post_thumbnail":0,"footnotes":"","_links_to":"","_links_to_target":""},"categories":[15,1495,23,134],"tags":[366,1628,51,141],"class_list":{"0":"post-8282","1":"post","2":"type-post","3":"status-publish","4":"format-aside","5":"has-post-thumbnail","7":"category-atuacao","8":"category-emenda-parlamentar","9":"category-noticias","10":"category-professor-junior-geo","11":"tag-bombeiros","12":"tag-cadastro-reserva","13":"tag-corpo-de-bombeiros","14":"tag-deputado-professor-junior-geo","15":"post_format-post-format-aside"},"yoast_head":"<!-- This site is optimized with the Yoast SEO plugin v27.2 - https:\/\/yoast.com\/product\/yoast-seo-wordpress\/ -->\n<title>Dep. Prof. J\u00fanior Geo quer a cria\u00e7\u00e3o de cadastro reserva para Quadro de Oficiais Bombeiros Militares (QOBM) e de Pra\u00e7as Bombeiros Militares (QPBM) - Junior Geo<\/title>\n<meta name=\"robots\" content=\"index, follow, max-snippet:-1, max-image-preview:large, max-video-preview:-1\" \/>\n<link rel=\"canonical\" href=\"https:\/\/professorjuniorgeo.com.br\/inicio\/blog\/2026\/04\/27\/dep-prof-junior-geo-quer-a-criacao-de-cadastro-reserva-para-quadro-de-oficiais-bombeiros-militares-qobm-e-de-pracas-bombeiros-militares-qpbm\/\" \/>\n<meta property=\"og:locale\" content=\"pt_PT\" \/>\n<meta property=\"og:type\" content=\"article\" \/>\n<meta property=\"og:title\" content=\"Dep. Prof. J\u00fanior Geo quer a cria\u00e7\u00e3o de cadastro reserva para Quadro de Oficiais Bombeiros Militares (QOBM) e de Pra\u00e7as Bombeiros Militares (QPBM) - Junior Geo\" \/>\n<meta property=\"og:description\" content=\"Est\u00e1 tramitando na Assembleia Legislativa do Tocantins (Aleto), requerimento de urg\u00eancia do deputado estadual Professor J\u00fanior Geo (PSDB), solicitando a ado\u00e7\u00e3o das medidas administrativas necess\u00e1rias para viabilizar a cria\u00e7\u00e3o de cadastro reserva no concurso p\u00fablico destinado ao provimento de vagas do Quadro de Oficiais Bombeiros Militares (QOBM) e do Quadro de Pra\u00e7as Bombeiros Militares (QPBM), [&hellip;]\" \/>\n<meta property=\"og:url\" content=\"https:\/\/professorjuniorgeo.com.br\/inicio\/blog\/2026\/04\/27\/dep-prof-junior-geo-quer-a-criacao-de-cadastro-reserva-para-quadro-de-oficiais-bombeiros-militares-qobm-e-de-pracas-bombeiros-militares-qpbm\/\" \/>\n<meta property=\"og:site_name\" content=\"Junior Geo\" \/>\n<meta property=\"article:published_time\" content=\"2026-04-27T11:37:44+00:00\" \/>\n<meta property=\"article:modified_time\" content=\"2026-04-27T11:54:24+00:00\" \/>\n<meta property=\"og:image\" content=\"https:\/\/professorjuniorgeo.com.br\/inicio\/blog\/wp-content\/uploads\/2026\/04\/WhatsApp-Image-2026-04-22-at-14.14.37.jpeg\" \/>\n\t<meta property=\"og:image:width\" content=\"1400\" \/>\n\t<meta property=\"og:image:height\" content=\"800\" \/>\n\t<meta property=\"og:image:type\" content=\"image\/jpeg\" \/>\n<meta name=\"author\" content=\"Marimar Aiala\" \/>\n<meta name=\"twitter:card\" content=\"summary_large_image\" \/>\n<meta name=\"twitter:creator\" content=\"@prof_juniorgeo\" \/>\n<meta name=\"twitter:site\" content=\"@prof_juniorgeo\" \/>\n<meta name=\"twitter:label1\" content=\"Written by\" \/>\n\t<meta name=\"twitter:data1\" content=\"Marimar Aiala\" \/>\n\t<meta name=\"twitter:label2\" content=\"Est. reading time\" \/>\n\t<meta name=\"twitter:data2\" content=\"3 minutos\" \/>\n<script type=\"application\/ld+json\" class=\"yoast-schema-graph\">{\"@context\":\"https:\/\/schema.org\",\"@graph\":[{\"@type\":\"Article\",\"@id\":\"https:\/\/professorjuniorgeo.com.br\/inicio\/blog\/2026\/04\/27\/dep-prof-junior-geo-quer-a-criacao-de-cadastro-reserva-para-quadro-de-oficiais-bombeiros-militares-qobm-e-de-pracas-bombeiros-militares-qpbm\/#article\",\"isPartOf\":{\"@id\":\"https:\/\/professorjuniorgeo.com.br\/inicio\/blog\/2026\/04\/27\/dep-prof-junior-geo-quer-a-criacao-de-cadastro-reserva-para-quadro-de-oficiais-bombeiros-militares-qobm-e-de-pracas-bombeiros-militares-qpbm\/\"},\"author\":{\"name\":\"Marimar Aiala\",\"@id\":\"https:\/\/professorjuniorgeo.com.br\/inicio\/blog\/#\/schema\/person\/c9a7d0297a7399a69c666141835984f4\"},\"headline\":\"Dep. Prof. J\u00fanior Geo quer a cria\u00e7\u00e3o de cadastro reserva para Quadro de Oficiais Bombeiros Militares (QOBM) e de Pra\u00e7as Bombeiros Militares (QPBM)\",\"datePublished\":\"2026-04-27T11:37:44+00:00\",\"dateModified\":\"2026-04-27T11:54:24+00:00\",\"mainEntityOfPage\":{\"@id\":\"https:\/\/professorjuniorgeo.com.br\/inicio\/blog\/2026\/04\/27\/dep-prof-junior-geo-quer-a-criacao-de-cadastro-reserva-para-quadro-de-oficiais-bombeiros-militares-qobm-e-de-pracas-bombeiros-militares-qpbm\/\"},\"wordCount\":512,\"commentCount\":0,\"publisher\":{\"@id\":\"https:\/\/professorjuniorgeo.com.br\/inicio\/blog\/#organization\"},\"image\":{\"@id\":\"https:\/\/professorjuniorgeo.com.br\/inicio\/blog\/2026\/04\/27\/dep-prof-junior-geo-quer-a-criacao-de-cadastro-reserva-para-quadro-de-oficiais-bombeiros-militares-qobm-e-de-pracas-bombeiros-militares-qpbm\/#primaryimage\"},\"thumbnailUrl\":\"https:\/\/professorjuniorgeo.com.br\/inicio\/blog\/wp-content\/uploads\/2026\/04\/WhatsApp-Image-2026-04-22-at-14.14.37.jpeg\",\"keywords\":[\"Bombeiros\",\"cadastro reserva\",\"Corpo de Bombeiros\",\"Deputado Professor J\u00fanior Geo\"],\"articleSection\":[\"A\u00e7\u00e3o Parlamentar\",\"Emenda parlamentar\",\"Not\u00edcias\",\"Professor J\u00fanior Geo\"],\"inLanguage\":\"pt-PT\",\"potentialAction\":[{\"@type\":\"CommentAction\",\"name\":\"Comment\",\"target\":[\"https:\/\/professorjuniorgeo.com.br\/inicio\/blog\/2026\/04\/27\/dep-prof-junior-geo-quer-a-criacao-de-cadastro-reserva-para-quadro-de-oficiais-bombeiros-militares-qobm-e-de-pracas-bombeiros-militares-qpbm\/#respond\"]}]},{\"@type\":\"WebPage\",\"@id\":\"https:\/\/professorjuniorgeo.com.br\/inicio\/blog\/2026\/04\/27\/dep-prof-junior-geo-quer-a-criacao-de-cadastro-reserva-para-quadro-de-oficiais-bombeiros-militares-qobm-e-de-pracas-bombeiros-militares-qpbm\/\",\"url\":\"https:\/\/professorjuniorgeo.com.br\/inicio\/blog\/2026\/04\/27\/dep-prof-junior-geo-quer-a-criacao-de-cadastro-reserva-para-quadro-de-oficiais-bombeiros-militares-qobm-e-de-pracas-bombeiros-militares-qpbm\/\",\"name\":\"Dep. Prof. J\u00fanior Geo quer a cria\u00e7\u00e3o de cadastro reserva para Quadro de Oficiais Bombeiros Militares (QOBM) e de Pra\u00e7as Bombeiros Militares (QPBM) - Junior Geo\",\"isPartOf\":{\"@id\":\"https:\/\/professorjuniorgeo.com.br\/inicio\/blog\/#website\"},\"primaryImageOfPage\":{\"@id\":\"https:\/\/professorjuniorgeo.com.br\/inicio\/blog\/2026\/04\/27\/dep-prof-junior-geo-quer-a-criacao-de-cadastro-reserva-para-quadro-de-oficiais-bombeiros-militares-qobm-e-de-pracas-bombeiros-militares-qpbm\/#primaryimage\"},\"image\":{\"@id\":\"https:\/\/professorjuniorgeo.com.br\/inicio\/blog\/2026\/04\/27\/dep-prof-junior-geo-quer-a-criacao-de-cadastro-reserva-para-quadro-de-oficiais-bombeiros-militares-qobm-e-de-pracas-bombeiros-militares-qpbm\/#primaryimage\"},\"thumbnailUrl\":\"https:\/\/professorjuniorgeo.com.br\/inicio\/blog\/wp-content\/uploads\/2026\/04\/WhatsApp-Image-2026-04-22-at-14.14.37.jpeg\",\"datePublished\":\"2026-04-27T11:37:44+00:00\",\"dateModified\":\"2026-04-27T11:54:24+00:00\",\"breadcrumb\":{\"@id\":\"https:\/\/professorjuniorgeo.com.br\/inicio\/blog\/2026\/04\/27\/dep-prof-junior-geo-quer-a-criacao-de-cadastro-reserva-para-quadro-de-oficiais-bombeiros-militares-qobm-e-de-pracas-bombeiros-militares-qpbm\/#breadcrumb\"},\"inLanguage\":\"pt-PT\",\"potentialAction\":[{\"@type\":\"ReadAction\",\"target\":[\"https:\/\/professorjuniorgeo.com.br\/inicio\/blog\/2026\/04\/27\/dep-prof-junior-geo-quer-a-criacao-de-cadastro-reserva-para-quadro-de-oficiais-bombeiros-militares-qobm-e-de-pracas-bombeiros-militares-qpbm\/\"]}]},{\"@type\":\"ImageObject\",\"inLanguage\":\"pt-PT\",\"@id\":\"https:\/\/professorjuniorgeo.com.br\/inicio\/blog\/2026\/04\/27\/dep-prof-junior-geo-quer-a-criacao-de-cadastro-reserva-para-quadro-de-oficiais-bombeiros-militares-qobm-e-de-pracas-bombeiros-militares-qpbm\/#primaryimage\",\"url\":\"https:\/\/professorjuniorgeo.com.br\/inicio\/blog\/wp-content\/uploads\/2026\/04\/WhatsApp-Image-2026-04-22-at-14.14.37.jpeg\",\"contentUrl\":\"https:\/\/professorjuniorgeo.com.br\/inicio\/blog\/wp-content\/uploads\/2026\/04\/WhatsApp-Image-2026-04-22-at-14.14.37.jpeg\",\"width\":1400,\"height\":800},{\"@type\":\"BreadcrumbList\",\"@id\":\"https:\/\/professorjuniorgeo.com.br\/inicio\/blog\/2026\/04\/27\/dep-prof-junior-geo-quer-a-criacao-de-cadastro-reserva-para-quadro-de-oficiais-bombeiros-militares-qobm-e-de-pracas-bombeiros-militares-qpbm\/#breadcrumb\",\"itemListElement\":[{\"@type\":\"ListItem\",\"position\":1,\"name\":\"Home\",\"item\":\"https:\/\/professorjuniorgeo.com.br\/inicio\/blog\/\"},{\"@type\":\"ListItem\",\"position\":2,\"name\":\"Dep. Prof. J\u00fanior Geo quer a cria\u00e7\u00e3o de cadastro reserva para Quadro de Oficiais Bombeiros Militares (QOBM) e de Pra\u00e7as Bombeiros Militares (QPBM)\"}]},{\"@type\":\"WebSite\",\"@id\":\"https:\/\/professorjuniorgeo.com.br\/inicio\/blog\/#website\",\"url\":\"https:\/\/professorjuniorgeo.com.br\/inicio\/blog\/\",\"name\":\"Junior Geo Deputado Estadual\",\"description\":\"Professor Junior Geo\",\"publisher\":{\"@id\":\"https:\/\/professorjuniorgeo.com.br\/inicio\/blog\/#organization\"},\"potentialAction\":[{\"@type\":\"SearchAction\",\"target\":{\"@type\":\"EntryPoint\",\"urlTemplate\":\"https:\/\/professorjuniorgeo.com.br\/inicio\/blog\/?s={search_term_string}\"},\"query-input\":{\"@type\":\"PropertyValueSpecification\",\"valueRequired\":true,\"valueName\":\"search_term_string\"}}],\"inLanguage\":\"pt-PT\"},{\"@type\":\"Organization\",\"@id\":\"https:\/\/professorjuniorgeo.com.br\/inicio\/blog\/#organization\",\"name\":\"Junior Geo Deputado Estadual\",\"url\":\"https:\/\/professorjuniorgeo.com.br\/inicio\/blog\/\",\"logo\":{\"@type\":\"ImageObject\",\"inLanguage\":\"pt-PT\",\"@id\":\"https:\/\/professorjuniorgeo.com.br\/inicio\/blog\/#\/schema\/logo\/image\/\",\"url\":\"https:\/\/professorjuniorgeo.com.br\/inicio\/blog\/wp-content\/uploads\/2023\/02\/cropped-logo.png\",\"contentUrl\":\"https:\/\/professorjuniorgeo.com.br\/inicio\/blog\/wp-content\/uploads\/2023\/02\/cropped-logo.png\",\"width\":1736,\"height\":416,\"caption\":\"Junior Geo Deputado Estadual\"},\"image\":{\"@id\":\"https:\/\/professorjuniorgeo.com.br\/inicio\/blog\/#\/schema\/logo\/image\/\"},\"sameAs\":[\"https:\/\/x.com\/prof_juniorgeo\",\"https:\/\/www.instagram.com\/prof_juniorgeo\/\"]},{\"@type\":\"Person\",\"@id\":\"https:\/\/professorjuniorgeo.com.br\/inicio\/blog\/#\/schema\/person\/c9a7d0297a7399a69c666141835984f4\",\"name\":\"Marimar Aiala\",\"image\":{\"@type\":\"ImageObject\",\"inLanguage\":\"pt-PT\",\"@id\":\"https:\/\/secure.gravatar.com\/avatar\/fad5a16f04ff105426e24f7c046da2eb166900723f57fe12412f8a5f2db07861?s=96&d=mm&r=g\",\"url\":\"https:\/\/secure.gravatar.com\/avatar\/fad5a16f04ff105426e24f7c046da2eb166900723f57fe12412f8a5f2db07861?s=96&d=mm&r=g\",\"contentUrl\":\"https:\/\/secure.gravatar.com\/avatar\/fad5a16f04ff105426e24f7c046da2eb166900723f57fe12412f8a5f2db07861?s=96&d=mm&r=g\",\"caption\":\"Marimar Aiala\"},\"url\":\"https:\/\/professorjuniorgeo.com.br\/inicio\/blog\/author\/maiala\/\"}]}<\/script>\n<!-- \/ Yoast SEO plugin. -->","yoast_head_json":{"title":"Dep. Prof. J\u00fanior Geo quer a cria\u00e7\u00e3o de cadastro reserva para Quadro de Oficiais Bombeiros Militares (QOBM) e de Pra\u00e7as Bombeiros Militares (QPBM) - Junior Geo","robots":{"index":"index","follow":"follow","max-snippet":"max-snippet:-1","max-image-preview":"max-image-preview:large","max-video-preview":"max-video-preview:-1"},"canonical":"https:\/\/professorjuniorgeo.com.br\/inicio\/blog\/2026\/04\/27\/dep-prof-junior-geo-quer-a-criacao-de-cadastro-reserva-para-quadro-de-oficiais-bombeiros-militares-qobm-e-de-pracas-bombeiros-militares-qpbm\/","og_locale":"pt_PT","og_type":"article","og_title":"Dep. Prof. J\u00fanior Geo quer a cria\u00e7\u00e3o de cadastro reserva para Quadro de Oficiais Bombeiros Militares (QOBM) e de Pra\u00e7as Bombeiros Militares (QPBM) - Junior Geo","og_description":"Est\u00e1 tramitando na Assembleia Legislativa do Tocantins (Aleto), requerimento de urg\u00eancia do deputado estadual Professor J\u00fanior Geo (PSDB), solicitando a ado\u00e7\u00e3o das medidas administrativas necess\u00e1rias para viabilizar a cria\u00e7\u00e3o de cadastro reserva no concurso p\u00fablico destinado ao provimento de vagas do Quadro de Oficiais Bombeiros Militares (QOBM) e do Quadro de Pra\u00e7as Bombeiros Militares (QPBM), [&hellip;]","og_url":"https:\/\/professorjuniorgeo.com.br\/inicio\/blog\/2026\/04\/27\/dep-prof-junior-geo-quer-a-criacao-de-cadastro-reserva-para-quadro-de-oficiais-bombeiros-militares-qobm-e-de-pracas-bombeiros-militares-qpbm\/","og_site_name":"Junior Geo","article_published_time":"2026-04-27T11:37:44+00:00","article_modified_time":"2026-04-27T11:54:24+00:00","og_image":[{"width":1400,"height":800,"url":"https:\/\/professorjuniorgeo.com.br\/inicio\/blog\/wp-content\/uploads\/2026\/04\/WhatsApp-Image-2026-04-22-at-14.14.37.jpeg","type":"image\/jpeg"}],"author":"Marimar Aiala","twitter_card":"summary_large_image","twitter_creator":"@prof_juniorgeo","twitter_site":"@prof_juniorgeo","twitter_misc":{"Written by":"Marimar Aiala","Est. reading time":"3 minutos"},"schema":{"@context":"https:\/\/schema.org","@graph":[{"@type":"Article","@id":"https:\/\/professorjuniorgeo.com.br\/inicio\/blog\/2026\/04\/27\/dep-prof-junior-geo-quer-a-criacao-de-cadastro-reserva-para-quadro-de-oficiais-bombeiros-militares-qobm-e-de-pracas-bombeiros-militares-qpbm\/#article","isPartOf":{"@id":"https:\/\/professorjuniorgeo.com.br\/inicio\/blog\/2026\/04\/27\/dep-prof-junior-geo-quer-a-criacao-de-cadastro-reserva-para-quadro-de-oficiais-bombeiros-militares-qobm-e-de-pracas-bombeiros-militares-qpbm\/"},"author":{"name":"Marimar Aiala","@id":"https:\/\/professorjuniorgeo.com.br\/inicio\/blog\/#\/schema\/person\/c9a7d0297a7399a69c666141835984f4"},"headline":"Dep. Prof. J\u00fanior Geo quer a cria\u00e7\u00e3o de cadastro reserva para Quadro de Oficiais Bombeiros Militares (QOBM) e de Pra\u00e7as Bombeiros Militares (QPBM)","datePublished":"2026-04-27T11:37:44+00:00","dateModified":"2026-04-27T11:54:24+00:00","mainEntityOfPage":{"@id":"https:\/\/professorjuniorgeo.com.br\/inicio\/blog\/2026\/04\/27\/dep-prof-junior-geo-quer-a-criacao-de-cadastro-reserva-para-quadro-de-oficiais-bombeiros-militares-qobm-e-de-pracas-bombeiros-militares-qpbm\/"},"wordCount":512,"commentCount":0,"publisher":{"@id":"https:\/\/professorjuniorgeo.com.br\/inicio\/blog\/#organization"},"image":{"@id":"https:\/\/professorjuniorgeo.com.br\/inicio\/blog\/2026\/04\/27\/dep-prof-junior-geo-quer-a-criacao-de-cadastro-reserva-para-quadro-de-oficiais-bombeiros-militares-qobm-e-de-pracas-bombeiros-militares-qpbm\/#primaryimage"},"thumbnailUrl":"https:\/\/professorjuniorgeo.com.br\/inicio\/blog\/wp-content\/uploads\/2026\/04\/WhatsApp-Image-2026-04-22-at-14.14.37.jpeg","keywords":["Bombeiros","cadastro reserva","Corpo de Bombeiros","Deputado Professor J\u00fanior Geo"],"articleSection":["A\u00e7\u00e3o Parlamentar","Emenda parlamentar","Not\u00edcias","Professor J\u00fanior Geo"],"inLanguage":"pt-PT","potentialAction":[{"@type":"CommentAction","name":"Comment","target":["https:\/\/professorjuniorgeo.com.br\/inicio\/blog\/2026\/04\/27\/dep-prof-junior-geo-quer-a-criacao-de-cadastro-reserva-para-quadro-de-oficiais-bombeiros-militares-qobm-e-de-pracas-bombeiros-militares-qpbm\/#respond"]}]},{"@type":"WebPage","@id":"https:\/\/professorjuniorgeo.com.br\/inicio\/blog\/2026\/04\/27\/dep-prof-junior-geo-quer-a-criacao-de-cadastro-reserva-para-quadro-de-oficiais-bombeiros-militares-qobm-e-de-pracas-bombeiros-militares-qpbm\/","url":"https:\/\/professorjuniorgeo.com.br\/inicio\/blog\/2026\/04\/27\/dep-prof-junior-geo-quer-a-criacao-de-cadastro-reserva-para-quadro-de-oficiais-bombeiros-militares-qobm-e-de-pracas-bombeiros-militares-qpbm\/","name":"Dep. Prof. J\u00fanior Geo quer a cria\u00e7\u00e3o de cadastro reserva para Quadro de Oficiais Bombeiros Militares (QOBM) e de Pra\u00e7as Bombeiros Militares (QPBM) - Junior Geo","isPartOf":{"@id":"https:\/\/professorjuniorgeo.com.br\/inicio\/blog\/#website"},"primaryImageOfPage":{"@id":"https:\/\/professorjuniorgeo.com.br\/inicio\/blog\/2026\/04\/27\/dep-prof-junior-geo-quer-a-criacao-de-cadastro-reserva-para-quadro-de-oficiais-bombeiros-militares-qobm-e-de-pracas-bombeiros-militares-qpbm\/#primaryimage"},"image":{"@id":"https:\/\/professorjuniorgeo.com.br\/inicio\/blog\/2026\/04\/27\/dep-prof-junior-geo-quer-a-criacao-de-cadastro-reserva-para-quadro-de-oficiais-bombeiros-militares-qobm-e-de-pracas-bombeiros-militares-qpbm\/#primaryimage"},"thumbnailUrl":"https:\/\/professorjuniorgeo.com.br\/inicio\/blog\/wp-content\/uploads\/2026\/04\/WhatsApp-Image-2026-04-22-at-14.14.37.jpeg","datePublished":"2026-04-27T11:37:44+00:00","dateModified":"2026-04-27T11:54:24+00:00","breadcrumb":{"@id":"https:\/\/professorjuniorgeo.com.br\/inicio\/blog\/2026\/04\/27\/dep-prof-junior-geo-quer-a-criacao-de-cadastro-reserva-para-quadro-de-oficiais-bombeiros-militares-qobm-e-de-pracas-bombeiros-militares-qpbm\/#breadcrumb"},"inLanguage":"pt-PT","potentialAction":[{"@type":"ReadAction","target":["https:\/\/professorjuniorgeo.com.br\/inicio\/blog\/2026\/04\/27\/dep-prof-junior-geo-quer-a-criacao-de-cadastro-reserva-para-quadro-de-oficiais-bombeiros-militares-qobm-e-de-pracas-bombeiros-militares-qpbm\/"]}]},{"@type":"ImageObject","inLanguage":"pt-PT","@id":"https:\/\/professorjuniorgeo.com.br\/inicio\/blog\/2026\/04\/27\/dep-prof-junior-geo-quer-a-criacao-de-cadastro-reserva-para-quadro-de-oficiais-bombeiros-militares-qobm-e-de-pracas-bombeiros-militares-qpbm\/#primaryimage","url":"https:\/\/professorjuniorgeo.com.br\/inicio\/blog\/wp-content\/uploads\/2026\/04\/WhatsApp-Image-2026-04-22-at-14.14.37.jpeg","contentUrl":"https:\/\/professorjuniorgeo.com.br\/inicio\/blog\/wp-content\/uploads\/2026\/04\/WhatsApp-Image-2026-04-22-at-14.14.37.jpeg","width":1400,"height":800},{"@type":"BreadcrumbList","@id":"https:\/\/professorjuniorgeo.com.br\/inicio\/blog\/2026\/04\/27\/dep-prof-junior-geo-quer-a-criacao-de-cadastro-reserva-para-quadro-de-oficiais-bombeiros-militares-qobm-e-de-pracas-bombeiros-militares-qpbm\/#breadcrumb","itemListElement":[{"@type":"ListItem","position":1,"name":"Home","item":"https:\/\/professorjuniorgeo.com.br\/inicio\/blog\/"},{"@type":"ListItem","position":2,"name":"Dep. Prof. J\u00fanior Geo quer a cria\u00e7\u00e3o de cadastro reserva para Quadro de Oficiais Bombeiros Militares (QOBM) e de Pra\u00e7as Bombeiros Militares (QPBM)"}]},{"@type":"WebSite","@id":"https:\/\/professorjuniorgeo.com.br\/inicio\/blog\/#website","url":"https:\/\/professorjuniorgeo.com.br\/inicio\/blog\/","name":"Junior Geo Deputado Estadual","description":"Professor Junior Geo","publisher":{"@id":"https:\/\/professorjuniorgeo.com.br\/inicio\/blog\/#organization"},"potentialAction":[{"@type":"SearchAction","target":{"@type":"EntryPoint","urlTemplate":"https:\/\/professorjuniorgeo.com.br\/inicio\/blog\/?s={search_term_string}"},"query-input":{"@type":"PropertyValueSpecification","valueRequired":true,"valueName":"search_term_string"}}],"inLanguage":"pt-PT"},{"@type":"Organization","@id":"https:\/\/professorjuniorgeo.com.br\/inicio\/blog\/#organization","name":"Junior Geo Deputado Estadual","url":"https:\/\/professorjuniorgeo.com.br\/inicio\/blog\/","logo":{"@type":"ImageObject","inLanguage":"pt-PT","@id":"https:\/\/professorjuniorgeo.com.br\/inicio\/blog\/#\/schema\/logo\/image\/","url":"https:\/\/professorjuniorgeo.com.br\/inicio\/blog\/wp-content\/uploads\/2023\/02\/cropped-logo.png","contentUrl":"https:\/\/professorjuniorgeo.com.br\/inicio\/blog\/wp-content\/uploads\/2023\/02\/cropped-logo.png","width":1736,"height":416,"caption":"Junior Geo Deputado Estadual"},"image":{"@id":"https:\/\/professorjuniorgeo.com.br\/inicio\/blog\/#\/schema\/logo\/image\/"},"sameAs":["https:\/\/x.com\/prof_juniorgeo","https:\/\/www.instagram.com\/prof_juniorgeo\/"]},{"@type":"Person","@id":"https:\/\/professorjuniorgeo.com.br\/inicio\/blog\/#\/schema\/person\/c9a7d0297a7399a69c666141835984f4","name":"Marimar Aiala","image":{"@type":"ImageObject","inLanguage":"pt-PT","@id":"https:\/\/secure.gravatar.com\/avatar\/fad5a16f04ff105426e24f7c046da2eb166900723f57fe12412f8a5f2db07861?s=96&d=mm&r=g","url":"https:\/\/secure.gravatar.com\/avatar\/fad5a16f04ff105426e24f7c046da2eb166900723f57fe12412f8a5f2db07861?s=96&d=mm&r=g","contentUrl":"https:\/\/secure.gravatar.com\/avatar\/fad5a16f04ff105426e24f7c046da2eb166900723f57fe12412f8a5f2db07861?s=96&d=mm&r=g","caption":"Marimar Aiala"},"url":"https:\/\/professorjuniorgeo.com.br\/inicio\/blog\/author\/maiala\/"}]}},"_links":{"self":[{"href":"https:\/\/professorjuniorgeo.com.br\/inicio\/blog\/wp-json\/wp\/v2\/posts\/8282","targetHints":{"allow":["GET"]}}],"collection":[{"href":"https:\/\/professorjuniorgeo.com.br\/inicio\/blog\/wp-json\/wp\/v2\/posts"}],"about":[{"href":"https:\/\/professorjuniorgeo.com.br\/inicio\/blog\/wp-json\/wp\/v2\/types\/post"}],"author":[{"embeddable":true,"href":"https:\/\/professorjuniorgeo.com.br\/inicio\/blog\/wp-json\/wp\/v2\/users\/3765"}],"replies":[{"embeddable":true,"href":"https:\/\/professorjuniorgeo.com.br\/inicio\/blog\/wp-json\/wp\/v2\/comments?post=8282"}],"version-history":[{"count":3,"href":"https:\/\/professorjuniorgeo.com.br\/inicio\/blog\/wp-json\/wp\/v2\/posts\/8282\/revisions"}],"predecessor-version":[{"id":8287,"href":"https:\/\/professorjuniorgeo.com.br\/inicio\/blog\/wp-json\/wp\/v2\/posts\/8282\/revisions\/8287"}],"wp:featuredmedia":[{"embeddable":true,"href":"https:\/\/professorjuniorgeo.com.br\/inicio\/blog\/wp-json\/wp\/v2\/media\/8283"}],"wp:attachment":[{"href":"https:\/\/professorjuniorgeo.com.br\/inicio\/blog\/wp-json\/wp\/v2\/media?parent=8282"}],"wp:term":[{"taxonomy":"category","embeddable":true,"href":"https:\/\/professorjuniorgeo.com.br\/inicio\/blog\/wp-json\/wp\/v2\/categories?post=8282"},{"taxonomy":"post_tag","embeddable":true,"href":"https:\/\/professorjuniorgeo.com.br\/inicio\/blog\/wp-json\/wp\/v2\/tags?post=8282"}],"curies":[{"name":"wp","href":"https:\/\/api.w.org\/{rel}","templated":true}]}}