{"id":832,"date":"2015-09-23T13:28:34","date_gmt":"2015-09-23T16:28:34","guid":{"rendered":"http:\/\/professorjuniorgeo.com.br\/portal\/?p=832"},"modified":"2015-09-23T13:28:34","modified_gmt":"2015-09-23T16:28:34","slug":"junior-geo-garante-que-seu-parecer-ao-projeto-referente-aos-quiosques-prezara-pela-legalidade-mas-tera-criterios-humanizados","status":"publish","type":"post","link":"https:\/\/professorjuniorgeo.com.br\/inicio\/blog\/2015\/09\/23\/junior-geo-garante-que-seu-parecer-ao-projeto-referente-aos-quiosques-prezara-pela-legalidade-mas-tera-criterios-humanizados\/","title":{"rendered":"J\u00fanior Geo garante que seu parecer ao projeto referente aos quiosques prezar\u00e1 pela legalidade, mas ter\u00e1 crit\u00e9rios humanizados"},"content":{"rendered":"<p style=\"text-align: center;\"><em>O PL 7\/2015 esteve em discuss\u00e3o na C\u00e2mara Municipal de Palmas e o vereador, relator do Projeto, afirmou que buscar\u00e1 uma solu\u00e7\u00e3o coerente para todos os interessados<\/em><\/p>\n<p><em>Por Camylla Costa<\/em><\/p>\n<p>Permission\u00e1rios de com\u00e9rcios irregulares compareceram \u00e0 sess\u00e3o ordin\u00e1ria da C\u00e2mara Municipal de Palmas nesta quarta \u2013 feira, 23\/09. O objetivo foi trazer \u00e0 pauta da Casa de Leis contrapontos ao Projeto de Lei n\u00ba 07\/2015, que disp\u00f5e sobre a utiliza\u00e7\u00e3o de \u00e1reas p\u00fablicas. Na ocasi\u00e3o, o vereador professor J\u00fanior Geo, relator do Projeto, assegurou que seu parecer prezar\u00e1 pela legalidade, mas contar\u00e1 com crit\u00e9rios humanizados.<\/p>\n<p>\u201cVoc\u00eas ajudaram e ajudam a construir a hist\u00f3ria do munic\u00edpio de Palmas e n\u00e3o podem ser esquecidos. Estou como relator e irei posteriormente redigir meu parecer. Podem ter certeza que ele ter\u00e1 um crit\u00e9rio humano\u201d, ressaltou.<\/p>\n<p>Durante a sess\u00e3o, o presidente da C\u00e2mara Municipal de Palmas, Rog\u00e9rio Freitas, usou a tribuna para se manifestar favor\u00e1vel \u00e0 situa\u00e7\u00e3o dos quiosqueiros da Capital. \u201cEsta Casa n\u00e3o devolver\u00e1 o Projeto de Lei\u201d, afirmou.<\/p>\n<p><strong>PL 7\/2015<\/strong><\/p>\n<p>O projeto de lei n\u00ba 7, de 26 de junho de 2015 visa atender ao Termo de Ajustamento de Conduta (TAC), firmado entre o munic\u00edpio de Palmas e o Minist\u00e9rio P\u00fablico do Estado do Tocantins.\u00a0 O TAC busca apurar eventuais ilegalidades nas 241 concess\u00f5es de \u00e1reas p\u00fablicas vigentes no munic\u00edpio e as sanar\u00e1 por meio de processo seletivo. Atualmente, o PL encontra-se em an\u00e1lise na Comiss\u00e3o de Constitui\u00e7\u00e3o e Justi\u00e7a.<\/p>\n<p>&nbsp;<\/p>\n<p>&nbsp;<\/p>\n","protected":false},"excerpt":{"rendered":"<p>O PL 7\/2015 esteve em discuss\u00e3o na C\u00e2mara Municipal de Palmas e o vereador, relator do Projeto, afirmou que buscar\u00e1 uma solu\u00e7\u00e3o coerente para todos os interessados Por Camylla Costa Permission\u00e1rios de com\u00e9rcios irregulares compareceram \u00e0 sess\u00e3o ordin\u00e1ria da C\u00e2mara Municipal de Palmas nesta quarta \u2013 feira, 23\/09. O objetivo foi trazer \u00e0 pauta da [&hellip;]<\/p>\n","protected":false},"author":3,"featured_media":833,"comment_status":"open","ping_status":"open","sticky":false,"template":"","format":"standard","meta":{"ngg_post_thumbnail":0,"footnotes":"","_links_to":"","_links_to_target":""},"categories":[23],"tags":[],"class_list":{"0":"post-832","1":"post","2":"type-post","3":"status-publish","4":"format-standard","5":"has-post-thumbnail","7":"category-noticias"},"yoast_head":"<!-- This site is optimized with the Yoast SEO plugin v27.2 - https:\/\/yoast.com\/product\/yoast-seo-wordpress\/ -->\n<title>J\u00fanior Geo garante que seu parecer ao projeto referente aos quiosques prezar\u00e1 pela legalidade, mas ter\u00e1 crit\u00e9rios humanizados - Junior Geo<\/title>\n<meta name=\"robots\" content=\"index, follow, max-snippet:-1, max-image-preview:large, max-video-preview:-1\" \/>\n<link rel=\"canonical\" href=\"https:\/\/professorjuniorgeo.com.br\/inicio\/blog\/2015\/09\/23\/junior-geo-garante-que-seu-parecer-ao-projeto-referente-aos-quiosques-prezara-pela-legalidade-mas-tera-criterios-humanizados\/\" \/>\n<meta property=\"og:locale\" content=\"pt_PT\" \/>\n<meta property=\"og:type\" content=\"article\" \/>\n<meta property=\"og:title\" content=\"J\u00fanior Geo garante que seu parecer ao projeto referente aos quiosques prezar\u00e1 pela legalidade, mas ter\u00e1 crit\u00e9rios humanizados - Junior Geo\" \/>\n<meta property=\"og:description\" content=\"O PL 7\/2015 esteve em discuss\u00e3o na C\u00e2mara Municipal de Palmas e o vereador, relator do Projeto, afirmou que buscar\u00e1 uma solu\u00e7\u00e3o coerente para todos os interessados Por Camylla Costa Permission\u00e1rios de com\u00e9rcios irregulares compareceram \u00e0 sess\u00e3o ordin\u00e1ria da C\u00e2mara Municipal de Palmas nesta quarta \u2013 feira, 23\/09. O objetivo foi trazer \u00e0 pauta da [&hellip;]\" \/>\n<meta property=\"og:url\" content=\"https:\/\/professorjuniorgeo.com.br\/inicio\/blog\/2015\/09\/23\/junior-geo-garante-que-seu-parecer-ao-projeto-referente-aos-quiosques-prezara-pela-legalidade-mas-tera-criterios-humanizados\/\" \/>\n<meta property=\"og:site_name\" content=\"Junior Geo\" \/>\n<meta property=\"article:published_time\" content=\"2015-09-23T16:28:34+00:00\" \/>\n<meta property=\"og:image\" content=\"https:\/\/professorjuniorgeo.com.br\/inicio\/blog\/wp-content\/uploads\/2015\/09\/quiosques-de-palmas.jpg\" \/>\n\t<meta property=\"og:image:width\" content=\"640\" \/>\n\t<meta property=\"og:image:height\" content=\"360\" \/>\n\t<meta property=\"og:image:type\" content=\"image\/jpeg\" \/>\n<meta name=\"author\" content=\"Junior Geo\" \/>\n<meta name=\"twitter:card\" content=\"summary_large_image\" \/>\n<meta name=\"twitter:creator\" content=\"@prof_juniorgeo\" \/>\n<meta name=\"twitter:site\" content=\"@prof_juniorgeo\" \/>\n<meta name=\"twitter:label1\" content=\"Written by\" \/>\n\t<meta name=\"twitter:data1\" content=\"Junior Geo\" \/>\n\t<meta name=\"twitter:label2\" content=\"Est. reading time\" \/>\n\t<meta name=\"twitter:data2\" content=\"1 minuto\" \/>\n<script type=\"application\/ld+json\" class=\"yoast-schema-graph\">{\"@context\":\"https:\/\/schema.org\",\"@graph\":[{\"@type\":\"Article\",\"@id\":\"https:\/\/professorjuniorgeo.com.br\/inicio\/blog\/2015\/09\/23\/junior-geo-garante-que-seu-parecer-ao-projeto-referente-aos-quiosques-prezara-pela-legalidade-mas-tera-criterios-humanizados\/#article\",\"isPartOf\":{\"@id\":\"https:\/\/professorjuniorgeo.com.br\/inicio\/blog\/2015\/09\/23\/junior-geo-garante-que-seu-parecer-ao-projeto-referente-aos-quiosques-prezara-pela-legalidade-mas-tera-criterios-humanizados\/\"},\"author\":{\"name\":\"Junior Geo\",\"@id\":\"https:\/\/professorjuniorgeo.com.br\/inicio\/blog\/#\/schema\/person\/b410d99e2a067c5581355dacd1508d03\"},\"headline\":\"J\u00fanior Geo garante que seu parecer ao projeto referente aos quiosques prezar\u00e1 pela legalidade, mas ter\u00e1 crit\u00e9rios humanizados\",\"datePublished\":\"2015-09-23T16:28:34+00:00\",\"mainEntityOfPage\":{\"@id\":\"https:\/\/professorjuniorgeo.com.br\/inicio\/blog\/2015\/09\/23\/junior-geo-garante-que-seu-parecer-ao-projeto-referente-aos-quiosques-prezara-pela-legalidade-mas-tera-criterios-humanizados\/\"},\"wordCount\":282,\"commentCount\":0,\"publisher\":{\"@id\":\"https:\/\/professorjuniorgeo.com.br\/inicio\/blog\/#organization\"},\"image\":{\"@id\":\"https:\/\/professorjuniorgeo.com.br\/inicio\/blog\/2015\/09\/23\/junior-geo-garante-que-seu-parecer-ao-projeto-referente-aos-quiosques-prezara-pela-legalidade-mas-tera-criterios-humanizados\/#primaryimage\"},\"thumbnailUrl\":\"https:\/\/professorjuniorgeo.com.br\/inicio\/blog\/wp-content\/uploads\/2015\/09\/quiosques-de-palmas.jpg\",\"articleSection\":[\"Not\u00edcias\"],\"inLanguage\":\"pt-PT\",\"potentialAction\":[{\"@type\":\"CommentAction\",\"name\":\"Comment\",\"target\":[\"https:\/\/professorjuniorgeo.com.br\/inicio\/blog\/2015\/09\/23\/junior-geo-garante-que-seu-parecer-ao-projeto-referente-aos-quiosques-prezara-pela-legalidade-mas-tera-criterios-humanizados\/#respond\"]}]},{\"@type\":\"WebPage\",\"@id\":\"https:\/\/professorjuniorgeo.com.br\/inicio\/blog\/2015\/09\/23\/junior-geo-garante-que-seu-parecer-ao-projeto-referente-aos-quiosques-prezara-pela-legalidade-mas-tera-criterios-humanizados\/\",\"url\":\"https:\/\/professorjuniorgeo.com.br\/inicio\/blog\/2015\/09\/23\/junior-geo-garante-que-seu-parecer-ao-projeto-referente-aos-quiosques-prezara-pela-legalidade-mas-tera-criterios-humanizados\/\",\"name\":\"J\u00fanior Geo garante que seu parecer ao projeto referente aos quiosques prezar\u00e1 pela legalidade, mas ter\u00e1 crit\u00e9rios humanizados - Junior Geo\",\"isPartOf\":{\"@id\":\"https:\/\/professorjuniorgeo.com.br\/inicio\/blog\/#website\"},\"primaryImageOfPage\":{\"@id\":\"https:\/\/professorjuniorgeo.com.br\/inicio\/blog\/2015\/09\/23\/junior-geo-garante-que-seu-parecer-ao-projeto-referente-aos-quiosques-prezara-pela-legalidade-mas-tera-criterios-humanizados\/#primaryimage\"},\"image\":{\"@id\":\"https:\/\/professorjuniorgeo.com.br\/inicio\/blog\/2015\/09\/23\/junior-geo-garante-que-seu-parecer-ao-projeto-referente-aos-quiosques-prezara-pela-legalidade-mas-tera-criterios-humanizados\/#primaryimage\"},\"thumbnailUrl\":\"https:\/\/professorjuniorgeo.com.br\/inicio\/blog\/wp-content\/uploads\/2015\/09\/quiosques-de-palmas.jpg\",\"datePublished\":\"2015-09-23T16:28:34+00:00\",\"breadcrumb\":{\"@id\":\"https:\/\/professorjuniorgeo.com.br\/inicio\/blog\/2015\/09\/23\/junior-geo-garante-que-seu-parecer-ao-projeto-referente-aos-quiosques-prezara-pela-legalidade-mas-tera-criterios-humanizados\/#breadcrumb\"},\"inLanguage\":\"pt-PT\",\"potentialAction\":[{\"@type\":\"ReadAction\",\"target\":[\"https:\/\/professorjuniorgeo.com.br\/inicio\/blog\/2015\/09\/23\/junior-geo-garante-que-seu-parecer-ao-projeto-referente-aos-quiosques-prezara-pela-legalidade-mas-tera-criterios-humanizados\/\"]}]},{\"@type\":\"ImageObject\",\"inLanguage\":\"pt-PT\",\"@id\":\"https:\/\/professorjuniorgeo.com.br\/inicio\/blog\/2015\/09\/23\/junior-geo-garante-que-seu-parecer-ao-projeto-referente-aos-quiosques-prezara-pela-legalidade-mas-tera-criterios-humanizados\/#primaryimage\",\"url\":\"https:\/\/professorjuniorgeo.com.br\/inicio\/blog\/wp-content\/uploads\/2015\/09\/quiosques-de-palmas.jpg\",\"contentUrl\":\"https:\/\/professorjuniorgeo.com.br\/inicio\/blog\/wp-content\/uploads\/2015\/09\/quiosques-de-palmas.jpg\",\"width\":640,\"height\":360,\"caption\":\"Foto: Divulga\u00e7\u00e3o\"},{\"@type\":\"BreadcrumbList\",\"@id\":\"https:\/\/professorjuniorgeo.com.br\/inicio\/blog\/2015\/09\/23\/junior-geo-garante-que-seu-parecer-ao-projeto-referente-aos-quiosques-prezara-pela-legalidade-mas-tera-criterios-humanizados\/#breadcrumb\",\"itemListElement\":[{\"@type\":\"ListItem\",\"position\":1,\"name\":\"Home\",\"item\":\"https:\/\/professorjuniorgeo.com.br\/inicio\/blog\/\"},{\"@type\":\"ListItem\",\"position\":2,\"name\":\"J\u00fanior Geo garante que seu parecer ao projeto referente aos quiosques prezar\u00e1 pela legalidade, mas ter\u00e1 crit\u00e9rios humanizados\"}]},{\"@type\":\"WebSite\",\"@id\":\"https:\/\/professorjuniorgeo.com.br\/inicio\/blog\/#website\",\"url\":\"https:\/\/professorjuniorgeo.com.br\/inicio\/blog\/\",\"name\":\"Junior Geo Deputado Estadual\",\"description\":\"Professor Junior Geo\",\"publisher\":{\"@id\":\"https:\/\/professorjuniorgeo.com.br\/inicio\/blog\/#organization\"},\"potentialAction\":[{\"@type\":\"SearchAction\",\"target\":{\"@type\":\"EntryPoint\",\"urlTemplate\":\"https:\/\/professorjuniorgeo.com.br\/inicio\/blog\/?s={search_term_string}\"},\"query-input\":{\"@type\":\"PropertyValueSpecification\",\"valueRequired\":true,\"valueName\":\"search_term_string\"}}],\"inLanguage\":\"pt-PT\"},{\"@type\":\"Organization\",\"@id\":\"https:\/\/professorjuniorgeo.com.br\/inicio\/blog\/#organization\",\"name\":\"Junior Geo Deputado Estadual\",\"url\":\"https:\/\/professorjuniorgeo.com.br\/inicio\/blog\/\",\"logo\":{\"@type\":\"ImageObject\",\"inLanguage\":\"pt-PT\",\"@id\":\"https:\/\/professorjuniorgeo.com.br\/inicio\/blog\/#\/schema\/logo\/image\/\",\"url\":\"https:\/\/professorjuniorgeo.com.br\/inicio\/blog\/wp-content\/uploads\/2023\/02\/cropped-logo.png\",\"contentUrl\":\"https:\/\/professorjuniorgeo.com.br\/inicio\/blog\/wp-content\/uploads\/2023\/02\/cropped-logo.png\",\"width\":1736,\"height\":416,\"caption\":\"Junior Geo Deputado Estadual\"},\"image\":{\"@id\":\"https:\/\/professorjuniorgeo.com.br\/inicio\/blog\/#\/schema\/logo\/image\/\"},\"sameAs\":[\"https:\/\/x.com\/prof_juniorgeo\",\"https:\/\/www.instagram.com\/prof_juniorgeo\/\"]},{\"@type\":\"Person\",\"@id\":\"https:\/\/professorjuniorgeo.com.br\/inicio\/blog\/#\/schema\/person\/b410d99e2a067c5581355dacd1508d03\",\"name\":\"Junior Geo\",\"image\":{\"@type\":\"ImageObject\",\"inLanguage\":\"pt-PT\",\"@id\":\"https:\/\/secure.gravatar.com\/avatar\/4a183b8fe59449f23caec60faabe3ad350a91e0b8cdf49ada6b375a741cf53e5?s=96&d=mm&r=g\",\"url\":\"https:\/\/secure.gravatar.com\/avatar\/4a183b8fe59449f23caec60faabe3ad350a91e0b8cdf49ada6b375a741cf53e5?s=96&d=mm&r=g\",\"contentUrl\":\"https:\/\/secure.gravatar.com\/avatar\/4a183b8fe59449f23caec60faabe3ad350a91e0b8cdf49ada6b375a741cf53e5?s=96&d=mm&r=g\",\"caption\":\"Junior Geo\"},\"url\":\"https:\/\/professorjuniorgeo.com.br\/inicio\/blog\/author\/juniorgeo\/\"}]}<\/script>\n<!-- \/ Yoast SEO plugin. -->","yoast_head_json":{"title":"J\u00fanior Geo garante que seu parecer ao projeto referente aos quiosques prezar\u00e1 pela legalidade, mas ter\u00e1 crit\u00e9rios humanizados - Junior Geo","robots":{"index":"index","follow":"follow","max-snippet":"max-snippet:-1","max-image-preview":"max-image-preview:large","max-video-preview":"max-video-preview:-1"},"canonical":"https:\/\/professorjuniorgeo.com.br\/inicio\/blog\/2015\/09\/23\/junior-geo-garante-que-seu-parecer-ao-projeto-referente-aos-quiosques-prezara-pela-legalidade-mas-tera-criterios-humanizados\/","og_locale":"pt_PT","og_type":"article","og_title":"J\u00fanior Geo garante que seu parecer ao projeto referente aos quiosques prezar\u00e1 pela legalidade, mas ter\u00e1 crit\u00e9rios humanizados - Junior Geo","og_description":"O PL 7\/2015 esteve em discuss\u00e3o na C\u00e2mara Municipal de Palmas e o vereador, relator do Projeto, afirmou que buscar\u00e1 uma solu\u00e7\u00e3o coerente para todos os interessados Por Camylla Costa Permission\u00e1rios de com\u00e9rcios irregulares compareceram \u00e0 sess\u00e3o ordin\u00e1ria da C\u00e2mara Municipal de Palmas nesta quarta \u2013 feira, 23\/09. O objetivo foi trazer \u00e0 pauta da [&hellip;]","og_url":"https:\/\/professorjuniorgeo.com.br\/inicio\/blog\/2015\/09\/23\/junior-geo-garante-que-seu-parecer-ao-projeto-referente-aos-quiosques-prezara-pela-legalidade-mas-tera-criterios-humanizados\/","og_site_name":"Junior Geo","article_published_time":"2015-09-23T16:28:34+00:00","og_image":[{"width":640,"height":360,"url":"https:\/\/professorjuniorgeo.com.br\/inicio\/blog\/wp-content\/uploads\/2015\/09\/quiosques-de-palmas.jpg","type":"image\/jpeg"}],"author":"Junior Geo","twitter_card":"summary_large_image","twitter_creator":"@prof_juniorgeo","twitter_site":"@prof_juniorgeo","twitter_misc":{"Written by":"Junior Geo","Est. reading time":"1 minuto"},"schema":{"@context":"https:\/\/schema.org","@graph":[{"@type":"Article","@id":"https:\/\/professorjuniorgeo.com.br\/inicio\/blog\/2015\/09\/23\/junior-geo-garante-que-seu-parecer-ao-projeto-referente-aos-quiosques-prezara-pela-legalidade-mas-tera-criterios-humanizados\/#article","isPartOf":{"@id":"https:\/\/professorjuniorgeo.com.br\/inicio\/blog\/2015\/09\/23\/junior-geo-garante-que-seu-parecer-ao-projeto-referente-aos-quiosques-prezara-pela-legalidade-mas-tera-criterios-humanizados\/"},"author":{"name":"Junior Geo","@id":"https:\/\/professorjuniorgeo.com.br\/inicio\/blog\/#\/schema\/person\/b410d99e2a067c5581355dacd1508d03"},"headline":"J\u00fanior Geo garante que seu parecer ao projeto referente aos quiosques prezar\u00e1 pela legalidade, mas ter\u00e1 crit\u00e9rios humanizados","datePublished":"2015-09-23T16:28:34+00:00","mainEntityOfPage":{"@id":"https:\/\/professorjuniorgeo.com.br\/inicio\/blog\/2015\/09\/23\/junior-geo-garante-que-seu-parecer-ao-projeto-referente-aos-quiosques-prezara-pela-legalidade-mas-tera-criterios-humanizados\/"},"wordCount":282,"commentCount":0,"publisher":{"@id":"https:\/\/professorjuniorgeo.com.br\/inicio\/blog\/#organization"},"image":{"@id":"https:\/\/professorjuniorgeo.com.br\/inicio\/blog\/2015\/09\/23\/junior-geo-garante-que-seu-parecer-ao-projeto-referente-aos-quiosques-prezara-pela-legalidade-mas-tera-criterios-humanizados\/#primaryimage"},"thumbnailUrl":"https:\/\/professorjuniorgeo.com.br\/inicio\/blog\/wp-content\/uploads\/2015\/09\/quiosques-de-palmas.jpg","articleSection":["Not\u00edcias"],"inLanguage":"pt-PT","potentialAction":[{"@type":"CommentAction","name":"Comment","target":["https:\/\/professorjuniorgeo.com.br\/inicio\/blog\/2015\/09\/23\/junior-geo-garante-que-seu-parecer-ao-projeto-referente-aos-quiosques-prezara-pela-legalidade-mas-tera-criterios-humanizados\/#respond"]}]},{"@type":"WebPage","@id":"https:\/\/professorjuniorgeo.com.br\/inicio\/blog\/2015\/09\/23\/junior-geo-garante-que-seu-parecer-ao-projeto-referente-aos-quiosques-prezara-pela-legalidade-mas-tera-criterios-humanizados\/","url":"https:\/\/professorjuniorgeo.com.br\/inicio\/blog\/2015\/09\/23\/junior-geo-garante-que-seu-parecer-ao-projeto-referente-aos-quiosques-prezara-pela-legalidade-mas-tera-criterios-humanizados\/","name":"J\u00fanior Geo garante que seu parecer ao projeto referente aos quiosques prezar\u00e1 pela legalidade, mas ter\u00e1 crit\u00e9rios humanizados - Junior Geo","isPartOf":{"@id":"https:\/\/professorjuniorgeo.com.br\/inicio\/blog\/#website"},"primaryImageOfPage":{"@id":"https:\/\/professorjuniorgeo.com.br\/inicio\/blog\/2015\/09\/23\/junior-geo-garante-que-seu-parecer-ao-projeto-referente-aos-quiosques-prezara-pela-legalidade-mas-tera-criterios-humanizados\/#primaryimage"},"image":{"@id":"https:\/\/professorjuniorgeo.com.br\/inicio\/blog\/2015\/09\/23\/junior-geo-garante-que-seu-parecer-ao-projeto-referente-aos-quiosques-prezara-pela-legalidade-mas-tera-criterios-humanizados\/#primaryimage"},"thumbnailUrl":"https:\/\/professorjuniorgeo.com.br\/inicio\/blog\/wp-content\/uploads\/2015\/09\/quiosques-de-palmas.jpg","datePublished":"2015-09-23T16:28:34+00:00","breadcrumb":{"@id":"https:\/\/professorjuniorgeo.com.br\/inicio\/blog\/2015\/09\/23\/junior-geo-garante-que-seu-parecer-ao-projeto-referente-aos-quiosques-prezara-pela-legalidade-mas-tera-criterios-humanizados\/#breadcrumb"},"inLanguage":"pt-PT","potentialAction":[{"@type":"ReadAction","target":["https:\/\/professorjuniorgeo.com.br\/inicio\/blog\/2015\/09\/23\/junior-geo-garante-que-seu-parecer-ao-projeto-referente-aos-quiosques-prezara-pela-legalidade-mas-tera-criterios-humanizados\/"]}]},{"@type":"ImageObject","inLanguage":"pt-PT","@id":"https:\/\/professorjuniorgeo.com.br\/inicio\/blog\/2015\/09\/23\/junior-geo-garante-que-seu-parecer-ao-projeto-referente-aos-quiosques-prezara-pela-legalidade-mas-tera-criterios-humanizados\/#primaryimage","url":"https:\/\/professorjuniorgeo.com.br\/inicio\/blog\/wp-content\/uploads\/2015\/09\/quiosques-de-palmas.jpg","contentUrl":"https:\/\/professorjuniorgeo.com.br\/inicio\/blog\/wp-content\/uploads\/2015\/09\/quiosques-de-palmas.jpg","width":640,"height":360,"caption":"Foto: Divulga\u00e7\u00e3o"},{"@type":"BreadcrumbList","@id":"https:\/\/professorjuniorgeo.com.br\/inicio\/blog\/2015\/09\/23\/junior-geo-garante-que-seu-parecer-ao-projeto-referente-aos-quiosques-prezara-pela-legalidade-mas-tera-criterios-humanizados\/#breadcrumb","itemListElement":[{"@type":"ListItem","position":1,"name":"Home","item":"https:\/\/professorjuniorgeo.com.br\/inicio\/blog\/"},{"@type":"ListItem","position":2,"name":"J\u00fanior Geo garante que seu parecer ao projeto referente aos quiosques prezar\u00e1 pela legalidade, mas ter\u00e1 crit\u00e9rios humanizados"}]},{"@type":"WebSite","@id":"https:\/\/professorjuniorgeo.com.br\/inicio\/blog\/#website","url":"https:\/\/professorjuniorgeo.com.br\/inicio\/blog\/","name":"Junior Geo Deputado Estadual","description":"Professor Junior Geo","publisher":{"@id":"https:\/\/professorjuniorgeo.com.br\/inicio\/blog\/#organization"},"potentialAction":[{"@type":"SearchAction","target":{"@type":"EntryPoint","urlTemplate":"https:\/\/professorjuniorgeo.com.br\/inicio\/blog\/?s={search_term_string}"},"query-input":{"@type":"PropertyValueSpecification","valueRequired":true,"valueName":"search_term_string"}}],"inLanguage":"pt-PT"},{"@type":"Organization","@id":"https:\/\/professorjuniorgeo.com.br\/inicio\/blog\/#organization","name":"Junior Geo Deputado Estadual","url":"https:\/\/professorjuniorgeo.com.br\/inicio\/blog\/","logo":{"@type":"ImageObject","inLanguage":"pt-PT","@id":"https:\/\/professorjuniorgeo.com.br\/inicio\/blog\/#\/schema\/logo\/image\/","url":"https:\/\/professorjuniorgeo.com.br\/inicio\/blog\/wp-content\/uploads\/2023\/02\/cropped-logo.png","contentUrl":"https:\/\/professorjuniorgeo.com.br\/inicio\/blog\/wp-content\/uploads\/2023\/02\/cropped-logo.png","width":1736,"height":416,"caption":"Junior Geo Deputado Estadual"},"image":{"@id":"https:\/\/professorjuniorgeo.com.br\/inicio\/blog\/#\/schema\/logo\/image\/"},"sameAs":["https:\/\/x.com\/prof_juniorgeo","https:\/\/www.instagram.com\/prof_juniorgeo\/"]},{"@type":"Person","@id":"https:\/\/professorjuniorgeo.com.br\/inicio\/blog\/#\/schema\/person\/b410d99e2a067c5581355dacd1508d03","name":"Junior Geo","image":{"@type":"ImageObject","inLanguage":"pt-PT","@id":"https:\/\/secure.gravatar.com\/avatar\/4a183b8fe59449f23caec60faabe3ad350a91e0b8cdf49ada6b375a741cf53e5?s=96&d=mm&r=g","url":"https:\/\/secure.gravatar.com\/avatar\/4a183b8fe59449f23caec60faabe3ad350a91e0b8cdf49ada6b375a741cf53e5?s=96&d=mm&r=g","contentUrl":"https:\/\/secure.gravatar.com\/avatar\/4a183b8fe59449f23caec60faabe3ad350a91e0b8cdf49ada6b375a741cf53e5?s=96&d=mm&r=g","caption":"Junior Geo"},"url":"https:\/\/professorjuniorgeo.com.br\/inicio\/blog\/author\/juniorgeo\/"}]}},"_links":{"self":[{"href":"https:\/\/professorjuniorgeo.com.br\/inicio\/blog\/wp-json\/wp\/v2\/posts\/832","targetHints":{"allow":["GET"]}}],"collection":[{"href":"https:\/\/professorjuniorgeo.com.br\/inicio\/blog\/wp-json\/wp\/v2\/posts"}],"about":[{"href":"https:\/\/professorjuniorgeo.com.br\/inicio\/blog\/wp-json\/wp\/v2\/types\/post"}],"author":[{"embeddable":true,"href":"https:\/\/professorjuniorgeo.com.br\/inicio\/blog\/wp-json\/wp\/v2\/users\/3"}],"replies":[{"embeddable":true,"href":"https:\/\/professorjuniorgeo.com.br\/inicio\/blog\/wp-json\/wp\/v2\/comments?post=832"}],"version-history":[{"count":0,"href":"https:\/\/professorjuniorgeo.com.br\/inicio\/blog\/wp-json\/wp\/v2\/posts\/832\/revisions"}],"wp:featuredmedia":[{"embeddable":true,"href":"https:\/\/professorjuniorgeo.com.br\/inicio\/blog\/wp-json\/wp\/v2\/media\/833"}],"wp:attachment":[{"href":"https:\/\/professorjuniorgeo.com.br\/inicio\/blog\/wp-json\/wp\/v2\/media?parent=832"}],"wp:term":[{"taxonomy":"category","embeddable":true,"href":"https:\/\/professorjuniorgeo.com.br\/inicio\/blog\/wp-json\/wp\/v2\/categories?post=832"},{"taxonomy":"post_tag","embeddable":true,"href":"https:\/\/professorjuniorgeo.com.br\/inicio\/blog\/wp-json\/wp\/v2\/tags?post=832"}],"curies":[{"name":"wp","href":"https:\/\/api.w.org\/{rel}","templated":true}]}}