{"id":839,"date":"2015-09-30T08:48:58","date_gmt":"2015-09-30T11:48:58","guid":{"rendered":"http:\/\/professorjuniorgeo.com.br\/portal\/?p=839"},"modified":"2015-09-30T08:48:58","modified_gmt":"2015-09-30T11:48:58","slug":"gestao-de-recursos-na-saude-do-municipio-e-questionada-por-junior-geo","status":"publish","type":"post","link":"https:\/\/professorjuniorgeo.com.br\/inicio\/blog\/2015\/09\/30\/gestao-de-recursos-na-saude-do-municipio-e-questionada-por-junior-geo\/","title":{"rendered":"Gest\u00e3o de recursos na sa\u00fade do munic\u00edpio \u00e9 questionada por J\u00fanior Geo"},"content":{"rendered":"<p style=\"text-align: center;\"><em>Durante audi\u00eancia p\u00fablica da Sa\u00fade, realizada nesta ter\u00e7a-feira, o vereador defendeu a necessidade de solu\u00e7\u00f5es que n\u00e3o prejudiquem cidad\u00e3os e servidores municipais<\/em><\/p>\n<p><em>Por Camylla Costa<\/em><\/p>\n<p>\u201cPrecisamos procurar solu\u00e7\u00f5es para os problemas, principalmente quando o assunto \u00e9 sa\u00fade. Independente da crise financeira do pa\u00eds\u201d. Esta afirma\u00e7\u00e3o foi feita pelo vereador professor J\u00fanior Geo na tribuna, durante a sess\u00e3o especial destinada \u00e0 presta\u00e7\u00e3o de contas da Secretaria Municipal da Sa\u00fade, realizada nesta ter\u00e7a-feira, 29\/09.<\/p>\n<p>Para o parlamentar, \u00e9 normal que ocorram recess\u00f5es, mas \u00e9 preciso haver meios que n\u00e3o prejudiquem a popula\u00e7\u00e3o e os servidores. \u201cOs problemas exteriores afetam o Brasil e consequentemente nosso estado e nosso munic\u00edpio. N\u00e3o podemos utilizar este fator como justificativa\u201d, afirmou.<\/p>\n<p>Ainda na ocasi\u00e3o, Geo destacou tamb\u00e9m a import\u00e2ncia da transpar\u00eancia na esfera p\u00fablica. \u201cUm projeto de lei apresentado por mim, nesta Casa, solicita que as placas de obras venham com informa\u00e7\u00f5es, como prazo e empresa respons\u00e1vel. N\u00e3o foi vetado e o prazo expirou, ou seja, ele est\u00e1 sancionado e n\u00e3o est\u00e1 sendo cumprido\u201d, disse.<\/p>\n<p>Na presen\u00e7a de representantes dos servidores municipais da Sa\u00fade, cidad\u00e3os palmenses, promotora de justi\u00e7a, Maria Roseli e presidente do Conselho Municipal de Sa\u00fade, Leonel Santos, Luiz Teixeira apresentou os gastos da pasta referentes ao per\u00edodo junho-setembro deste ano. O secret\u00e1rio enfatizou que o munic\u00edpio tem avan\u00e7ado, apesar da falta de repasses do Estado e do Governo Federal. \u201cN\u00f3s estamos no maior projeto de infraestrutura que a Sa\u00fade j\u00e1 teve. Todas as obras est\u00e3o andando\u201d, destacou.<\/p>\n<p>O socorrista do SAMU, Norton J\u00fanior, por sua vez, apresentou contrapontos \u00e0s afirma\u00e7\u00f5es apresentadas no relat\u00f3rio do gestor da sa\u00fade municipal. \u201cFizemos uma manifesta\u00e7\u00e3o, na segunda-feira, sobre tudo que foi apresentado aqui. Mais de 70% dos servidores do munic\u00edpio estavam representados. H\u00e1 intransig\u00eancia e falta de di\u00e1logo na gest\u00e3o. O que n\u00f3s vemos \u00e9 a precariza\u00e7\u00e3o no servi\u00e7o da sa\u00fade. O maior patrim\u00f4nio que a sa\u00fade tem \u00e9 o trabalhador e o que temos \u00e9 aumento de horas trabalhadas, aus\u00eancia de f\u00e9rias e pagamento de progress\u00f5es, al\u00e9m dos 25 anos sem insalubridade\u201d, enfatizou.<\/p>\n<p>Al\u00e9m dos dados evidenciados na apresenta\u00e7\u00e3o do secret\u00e1rio da Sa\u00fade, as solicita\u00e7\u00f5es dos servidores municipais, levadas \u00e0 manifesta\u00e7\u00e3o na Avenida JK, realizada na segunda-feira, 28\/09, tamb\u00e9m foram discutidas na Casa de Leis de Palmas, nesta ter\u00e7a.\u00a0 As reivindica\u00e7\u00f5es incluem insalubridade, periculosidade, progress\u00f5es, responsabilidade t\u00e9cnica, equipara\u00e7\u00e3o salarial, Programa Nacional de Melhoria do Acesso e da Qualidade (PMAQ), direito a f\u00e9rias e cumprimento da lei 1529\/2008.<a href=\"http:\/\/professorjuniorgeo.com.br\/portal\/wp-content\/uploads\/2015\/09\/foto-esequias-ara\u00fajo1.jpg\"><br \/>\n<\/a><\/p>\n","protected":false},"excerpt":{"rendered":"<p>Durante audi\u00eancia p\u00fablica da Sa\u00fade, realizada nesta ter\u00e7a-feira, o vereador defendeu a necessidade de solu\u00e7\u00f5es que n\u00e3o prejudiquem cidad\u00e3os e servidores municipais Por Camylla Costa \u201cPrecisamos procurar solu\u00e7\u00f5es para os problemas, principalmente quando o assunto \u00e9 sa\u00fade. Independente da crise financeira do pa\u00eds\u201d. Esta afirma\u00e7\u00e3o foi feita pelo vereador professor J\u00fanior Geo na tribuna, durante [&hellip;]<\/p>\n","protected":false},"author":3,"featured_media":840,"comment_status":"open","ping_status":"open","sticky":false,"template":"","format":"standard","meta":{"ngg_post_thumbnail":0,"footnotes":"","_links_to":"","_links_to_target":""},"categories":[23],"tags":[],"class_list":{"0":"post-839","1":"post","2":"type-post","3":"status-publish","4":"format-standard","5":"has-post-thumbnail","7":"category-noticias"},"yoast_head":"<!-- This site is optimized with the Yoast SEO plugin v27.2 - https:\/\/yoast.com\/product\/yoast-seo-wordpress\/ -->\n<title>Gest\u00e3o de recursos na sa\u00fade do munic\u00edpio \u00e9 questionada por J\u00fanior Geo - Junior Geo<\/title>\n<meta name=\"robots\" content=\"index, follow, max-snippet:-1, max-image-preview:large, max-video-preview:-1\" \/>\n<link rel=\"canonical\" href=\"https:\/\/professorjuniorgeo.com.br\/inicio\/blog\/2015\/09\/30\/gestao-de-recursos-na-saude-do-municipio-e-questionada-por-junior-geo\/\" \/>\n<meta property=\"og:locale\" content=\"pt_PT\" \/>\n<meta property=\"og:type\" content=\"article\" \/>\n<meta property=\"og:title\" content=\"Gest\u00e3o de recursos na sa\u00fade do munic\u00edpio \u00e9 questionada por J\u00fanior Geo - Junior Geo\" \/>\n<meta property=\"og:description\" content=\"Durante audi\u00eancia p\u00fablica da Sa\u00fade, realizada nesta ter\u00e7a-feira, o vereador defendeu a necessidade de solu\u00e7\u00f5es que n\u00e3o prejudiquem cidad\u00e3os e servidores municipais Por Camylla Costa \u201cPrecisamos procurar solu\u00e7\u00f5es para os problemas, principalmente quando o assunto \u00e9 sa\u00fade. Independente da crise financeira do pa\u00eds\u201d. Esta afirma\u00e7\u00e3o foi feita pelo vereador professor J\u00fanior Geo na tribuna, durante [&hellip;]\" \/>\n<meta property=\"og:url\" content=\"https:\/\/professorjuniorgeo.com.br\/inicio\/blog\/2015\/09\/30\/gestao-de-recursos-na-saude-do-municipio-e-questionada-por-junior-geo\/\" \/>\n<meta property=\"og:site_name\" content=\"Junior Geo\" \/>\n<meta property=\"article:published_time\" content=\"2015-09-30T11:48:58+00:00\" \/>\n<meta name=\"author\" content=\"Junior Geo\" \/>\n<meta name=\"twitter:card\" content=\"summary_large_image\" \/>\n<meta name=\"twitter:creator\" content=\"@prof_juniorgeo\" \/>\n<meta name=\"twitter:site\" content=\"@prof_juniorgeo\" \/>\n<meta name=\"twitter:label1\" content=\"Written by\" \/>\n\t<meta name=\"twitter:data1\" content=\"Junior Geo\" \/>\n\t<meta name=\"twitter:label2\" content=\"Est. reading time\" \/>\n\t<meta name=\"twitter:data2\" content=\"2 minutos\" \/>\n<script type=\"application\/ld+json\" class=\"yoast-schema-graph\">{\"@context\":\"https:\/\/schema.org\",\"@graph\":[{\"@type\":\"Article\",\"@id\":\"https:\/\/professorjuniorgeo.com.br\/inicio\/blog\/2015\/09\/30\/gestao-de-recursos-na-saude-do-municipio-e-questionada-por-junior-geo\/#article\",\"isPartOf\":{\"@id\":\"https:\/\/professorjuniorgeo.com.br\/inicio\/blog\/2015\/09\/30\/gestao-de-recursos-na-saude-do-municipio-e-questionada-por-junior-geo\/\"},\"author\":{\"name\":\"Junior Geo\",\"@id\":\"https:\/\/professorjuniorgeo.com.br\/inicio\/blog\/#\/schema\/person\/b410d99e2a067c5581355dacd1508d03\"},\"headline\":\"Gest\u00e3o de recursos na sa\u00fade do munic\u00edpio \u00e9 questionada por J\u00fanior Geo\",\"datePublished\":\"2015-09-30T11:48:58+00:00\",\"mainEntityOfPage\":{\"@id\":\"https:\/\/professorjuniorgeo.com.br\/inicio\/blog\/2015\/09\/30\/gestao-de-recursos-na-saude-do-municipio-e-questionada-por-junior-geo\/\"},\"wordCount\":476,\"commentCount\":0,\"publisher\":{\"@id\":\"https:\/\/professorjuniorgeo.com.br\/inicio\/blog\/#organization\"},\"image\":{\"@id\":\"https:\/\/professorjuniorgeo.com.br\/inicio\/blog\/2015\/09\/30\/gestao-de-recursos-na-saude-do-municipio-e-questionada-por-junior-geo\/#primaryimage\"},\"thumbnailUrl\":\"\",\"articleSection\":[\"Not\u00edcias\"],\"inLanguage\":\"pt-PT\",\"potentialAction\":[{\"@type\":\"CommentAction\",\"name\":\"Comment\",\"target\":[\"https:\/\/professorjuniorgeo.com.br\/inicio\/blog\/2015\/09\/30\/gestao-de-recursos-na-saude-do-municipio-e-questionada-por-junior-geo\/#respond\"]}]},{\"@type\":\"WebPage\",\"@id\":\"https:\/\/professorjuniorgeo.com.br\/inicio\/blog\/2015\/09\/30\/gestao-de-recursos-na-saude-do-municipio-e-questionada-por-junior-geo\/\",\"url\":\"https:\/\/professorjuniorgeo.com.br\/inicio\/blog\/2015\/09\/30\/gestao-de-recursos-na-saude-do-municipio-e-questionada-por-junior-geo\/\",\"name\":\"Gest\u00e3o de recursos na sa\u00fade do munic\u00edpio \u00e9 questionada por J\u00fanior Geo - Junior Geo\",\"isPartOf\":{\"@id\":\"https:\/\/professorjuniorgeo.com.br\/inicio\/blog\/#website\"},\"primaryImageOfPage\":{\"@id\":\"https:\/\/professorjuniorgeo.com.br\/inicio\/blog\/2015\/09\/30\/gestao-de-recursos-na-saude-do-municipio-e-questionada-por-junior-geo\/#primaryimage\"},\"image\":{\"@id\":\"https:\/\/professorjuniorgeo.com.br\/inicio\/blog\/2015\/09\/30\/gestao-de-recursos-na-saude-do-municipio-e-questionada-por-junior-geo\/#primaryimage\"},\"thumbnailUrl\":\"\",\"datePublished\":\"2015-09-30T11:48:58+00:00\",\"breadcrumb\":{\"@id\":\"https:\/\/professorjuniorgeo.com.br\/inicio\/blog\/2015\/09\/30\/gestao-de-recursos-na-saude-do-municipio-e-questionada-por-junior-geo\/#breadcrumb\"},\"inLanguage\":\"pt-PT\",\"potentialAction\":[{\"@type\":\"ReadAction\",\"target\":[\"https:\/\/professorjuniorgeo.com.br\/inicio\/blog\/2015\/09\/30\/gestao-de-recursos-na-saude-do-municipio-e-questionada-por-junior-geo\/\"]}]},{\"@type\":\"ImageObject\",\"inLanguage\":\"pt-PT\",\"@id\":\"https:\/\/professorjuniorgeo.com.br\/inicio\/blog\/2015\/09\/30\/gestao-de-recursos-na-saude-do-municipio-e-questionada-por-junior-geo\/#primaryimage\",\"url\":\"\",\"contentUrl\":\"\"},{\"@type\":\"BreadcrumbList\",\"@id\":\"https:\/\/professorjuniorgeo.com.br\/inicio\/blog\/2015\/09\/30\/gestao-de-recursos-na-saude-do-municipio-e-questionada-por-junior-geo\/#breadcrumb\",\"itemListElement\":[{\"@type\":\"ListItem\",\"position\":1,\"name\":\"Home\",\"item\":\"https:\/\/professorjuniorgeo.com.br\/inicio\/blog\/\"},{\"@type\":\"ListItem\",\"position\":2,\"name\":\"Gest\u00e3o de recursos na sa\u00fade do munic\u00edpio \u00e9 questionada por J\u00fanior Geo\"}]},{\"@type\":\"WebSite\",\"@id\":\"https:\/\/professorjuniorgeo.com.br\/inicio\/blog\/#website\",\"url\":\"https:\/\/professorjuniorgeo.com.br\/inicio\/blog\/\",\"name\":\"Junior Geo Deputado Estadual\",\"description\":\"Professor Junior Geo\",\"publisher\":{\"@id\":\"https:\/\/professorjuniorgeo.com.br\/inicio\/blog\/#organization\"},\"potentialAction\":[{\"@type\":\"SearchAction\",\"target\":{\"@type\":\"EntryPoint\",\"urlTemplate\":\"https:\/\/professorjuniorgeo.com.br\/inicio\/blog\/?s={search_term_string}\"},\"query-input\":{\"@type\":\"PropertyValueSpecification\",\"valueRequired\":true,\"valueName\":\"search_term_string\"}}],\"inLanguage\":\"pt-PT\"},{\"@type\":\"Organization\",\"@id\":\"https:\/\/professorjuniorgeo.com.br\/inicio\/blog\/#organization\",\"name\":\"Junior Geo Deputado Estadual\",\"url\":\"https:\/\/professorjuniorgeo.com.br\/inicio\/blog\/\",\"logo\":{\"@type\":\"ImageObject\",\"inLanguage\":\"pt-PT\",\"@id\":\"https:\/\/professorjuniorgeo.com.br\/inicio\/blog\/#\/schema\/logo\/image\/\",\"url\":\"https:\/\/professorjuniorgeo.com.br\/inicio\/blog\/wp-content\/uploads\/2023\/02\/cropped-logo.png\",\"contentUrl\":\"https:\/\/professorjuniorgeo.com.br\/inicio\/blog\/wp-content\/uploads\/2023\/02\/cropped-logo.png\",\"width\":1736,\"height\":416,\"caption\":\"Junior Geo Deputado Estadual\"},\"image\":{\"@id\":\"https:\/\/professorjuniorgeo.com.br\/inicio\/blog\/#\/schema\/logo\/image\/\"},\"sameAs\":[\"https:\/\/x.com\/prof_juniorgeo\",\"https:\/\/www.instagram.com\/prof_juniorgeo\/\"]},{\"@type\":\"Person\",\"@id\":\"https:\/\/professorjuniorgeo.com.br\/inicio\/blog\/#\/schema\/person\/b410d99e2a067c5581355dacd1508d03\",\"name\":\"Junior Geo\",\"image\":{\"@type\":\"ImageObject\",\"inLanguage\":\"pt-PT\",\"@id\":\"https:\/\/secure.gravatar.com\/avatar\/4a183b8fe59449f23caec60faabe3ad350a91e0b8cdf49ada6b375a741cf53e5?s=96&d=mm&r=g\",\"url\":\"https:\/\/secure.gravatar.com\/avatar\/4a183b8fe59449f23caec60faabe3ad350a91e0b8cdf49ada6b375a741cf53e5?s=96&d=mm&r=g\",\"contentUrl\":\"https:\/\/secure.gravatar.com\/avatar\/4a183b8fe59449f23caec60faabe3ad350a91e0b8cdf49ada6b375a741cf53e5?s=96&d=mm&r=g\",\"caption\":\"Junior Geo\"},\"url\":\"https:\/\/professorjuniorgeo.com.br\/inicio\/blog\/author\/juniorgeo\/\"}]}<\/script>\n<!-- \/ Yoast SEO plugin. -->","yoast_head_json":{"title":"Gest\u00e3o de recursos na sa\u00fade do munic\u00edpio \u00e9 questionada por J\u00fanior Geo - Junior Geo","robots":{"index":"index","follow":"follow","max-snippet":"max-snippet:-1","max-image-preview":"max-image-preview:large","max-video-preview":"max-video-preview:-1"},"canonical":"https:\/\/professorjuniorgeo.com.br\/inicio\/blog\/2015\/09\/30\/gestao-de-recursos-na-saude-do-municipio-e-questionada-por-junior-geo\/","og_locale":"pt_PT","og_type":"article","og_title":"Gest\u00e3o de recursos na sa\u00fade do munic\u00edpio \u00e9 questionada por J\u00fanior Geo - Junior Geo","og_description":"Durante audi\u00eancia p\u00fablica da Sa\u00fade, realizada nesta ter\u00e7a-feira, o vereador defendeu a necessidade de solu\u00e7\u00f5es que n\u00e3o prejudiquem cidad\u00e3os e servidores municipais Por Camylla Costa \u201cPrecisamos procurar solu\u00e7\u00f5es para os problemas, principalmente quando o assunto \u00e9 sa\u00fade. Independente da crise financeira do pa\u00eds\u201d. Esta afirma\u00e7\u00e3o foi feita pelo vereador professor J\u00fanior Geo na tribuna, durante [&hellip;]","og_url":"https:\/\/professorjuniorgeo.com.br\/inicio\/blog\/2015\/09\/30\/gestao-de-recursos-na-saude-do-municipio-e-questionada-por-junior-geo\/","og_site_name":"Junior Geo","article_published_time":"2015-09-30T11:48:58+00:00","author":"Junior Geo","twitter_card":"summary_large_image","twitter_creator":"@prof_juniorgeo","twitter_site":"@prof_juniorgeo","twitter_misc":{"Written by":"Junior Geo","Est. reading time":"2 minutos"},"schema":{"@context":"https:\/\/schema.org","@graph":[{"@type":"Article","@id":"https:\/\/professorjuniorgeo.com.br\/inicio\/blog\/2015\/09\/30\/gestao-de-recursos-na-saude-do-municipio-e-questionada-por-junior-geo\/#article","isPartOf":{"@id":"https:\/\/professorjuniorgeo.com.br\/inicio\/blog\/2015\/09\/30\/gestao-de-recursos-na-saude-do-municipio-e-questionada-por-junior-geo\/"},"author":{"name":"Junior Geo","@id":"https:\/\/professorjuniorgeo.com.br\/inicio\/blog\/#\/schema\/person\/b410d99e2a067c5581355dacd1508d03"},"headline":"Gest\u00e3o de recursos na sa\u00fade do munic\u00edpio \u00e9 questionada por J\u00fanior Geo","datePublished":"2015-09-30T11:48:58+00:00","mainEntityOfPage":{"@id":"https:\/\/professorjuniorgeo.com.br\/inicio\/blog\/2015\/09\/30\/gestao-de-recursos-na-saude-do-municipio-e-questionada-por-junior-geo\/"},"wordCount":476,"commentCount":0,"publisher":{"@id":"https:\/\/professorjuniorgeo.com.br\/inicio\/blog\/#organization"},"image":{"@id":"https:\/\/professorjuniorgeo.com.br\/inicio\/blog\/2015\/09\/30\/gestao-de-recursos-na-saude-do-municipio-e-questionada-por-junior-geo\/#primaryimage"},"thumbnailUrl":"","articleSection":["Not\u00edcias"],"inLanguage":"pt-PT","potentialAction":[{"@type":"CommentAction","name":"Comment","target":["https:\/\/professorjuniorgeo.com.br\/inicio\/blog\/2015\/09\/30\/gestao-de-recursos-na-saude-do-municipio-e-questionada-por-junior-geo\/#respond"]}]},{"@type":"WebPage","@id":"https:\/\/professorjuniorgeo.com.br\/inicio\/blog\/2015\/09\/30\/gestao-de-recursos-na-saude-do-municipio-e-questionada-por-junior-geo\/","url":"https:\/\/professorjuniorgeo.com.br\/inicio\/blog\/2015\/09\/30\/gestao-de-recursos-na-saude-do-municipio-e-questionada-por-junior-geo\/","name":"Gest\u00e3o de recursos na sa\u00fade do munic\u00edpio \u00e9 questionada por J\u00fanior Geo - Junior Geo","isPartOf":{"@id":"https:\/\/professorjuniorgeo.com.br\/inicio\/blog\/#website"},"primaryImageOfPage":{"@id":"https:\/\/professorjuniorgeo.com.br\/inicio\/blog\/2015\/09\/30\/gestao-de-recursos-na-saude-do-municipio-e-questionada-por-junior-geo\/#primaryimage"},"image":{"@id":"https:\/\/professorjuniorgeo.com.br\/inicio\/blog\/2015\/09\/30\/gestao-de-recursos-na-saude-do-municipio-e-questionada-por-junior-geo\/#primaryimage"},"thumbnailUrl":"","datePublished":"2015-09-30T11:48:58+00:00","breadcrumb":{"@id":"https:\/\/professorjuniorgeo.com.br\/inicio\/blog\/2015\/09\/30\/gestao-de-recursos-na-saude-do-municipio-e-questionada-por-junior-geo\/#breadcrumb"},"inLanguage":"pt-PT","potentialAction":[{"@type":"ReadAction","target":["https:\/\/professorjuniorgeo.com.br\/inicio\/blog\/2015\/09\/30\/gestao-de-recursos-na-saude-do-municipio-e-questionada-por-junior-geo\/"]}]},{"@type":"ImageObject","inLanguage":"pt-PT","@id":"https:\/\/professorjuniorgeo.com.br\/inicio\/blog\/2015\/09\/30\/gestao-de-recursos-na-saude-do-municipio-e-questionada-por-junior-geo\/#primaryimage","url":"","contentUrl":""},{"@type":"BreadcrumbList","@id":"https:\/\/professorjuniorgeo.com.br\/inicio\/blog\/2015\/09\/30\/gestao-de-recursos-na-saude-do-municipio-e-questionada-por-junior-geo\/#breadcrumb","itemListElement":[{"@type":"ListItem","position":1,"name":"Home","item":"https:\/\/professorjuniorgeo.com.br\/inicio\/blog\/"},{"@type":"ListItem","position":2,"name":"Gest\u00e3o de recursos na sa\u00fade do munic\u00edpio \u00e9 questionada por J\u00fanior Geo"}]},{"@type":"WebSite","@id":"https:\/\/professorjuniorgeo.com.br\/inicio\/blog\/#website","url":"https:\/\/professorjuniorgeo.com.br\/inicio\/blog\/","name":"Junior Geo Deputado Estadual","description":"Professor Junior Geo","publisher":{"@id":"https:\/\/professorjuniorgeo.com.br\/inicio\/blog\/#organization"},"potentialAction":[{"@type":"SearchAction","target":{"@type":"EntryPoint","urlTemplate":"https:\/\/professorjuniorgeo.com.br\/inicio\/blog\/?s={search_term_string}"},"query-input":{"@type":"PropertyValueSpecification","valueRequired":true,"valueName":"search_term_string"}}],"inLanguage":"pt-PT"},{"@type":"Organization","@id":"https:\/\/professorjuniorgeo.com.br\/inicio\/blog\/#organization","name":"Junior Geo Deputado Estadual","url":"https:\/\/professorjuniorgeo.com.br\/inicio\/blog\/","logo":{"@type":"ImageObject","inLanguage":"pt-PT","@id":"https:\/\/professorjuniorgeo.com.br\/inicio\/blog\/#\/schema\/logo\/image\/","url":"https:\/\/professorjuniorgeo.com.br\/inicio\/blog\/wp-content\/uploads\/2023\/02\/cropped-logo.png","contentUrl":"https:\/\/professorjuniorgeo.com.br\/inicio\/blog\/wp-content\/uploads\/2023\/02\/cropped-logo.png","width":1736,"height":416,"caption":"Junior Geo Deputado Estadual"},"image":{"@id":"https:\/\/professorjuniorgeo.com.br\/inicio\/blog\/#\/schema\/logo\/image\/"},"sameAs":["https:\/\/x.com\/prof_juniorgeo","https:\/\/www.instagram.com\/prof_juniorgeo\/"]},{"@type":"Person","@id":"https:\/\/professorjuniorgeo.com.br\/inicio\/blog\/#\/schema\/person\/b410d99e2a067c5581355dacd1508d03","name":"Junior Geo","image":{"@type":"ImageObject","inLanguage":"pt-PT","@id":"https:\/\/secure.gravatar.com\/avatar\/4a183b8fe59449f23caec60faabe3ad350a91e0b8cdf49ada6b375a741cf53e5?s=96&d=mm&r=g","url":"https:\/\/secure.gravatar.com\/avatar\/4a183b8fe59449f23caec60faabe3ad350a91e0b8cdf49ada6b375a741cf53e5?s=96&d=mm&r=g","contentUrl":"https:\/\/secure.gravatar.com\/avatar\/4a183b8fe59449f23caec60faabe3ad350a91e0b8cdf49ada6b375a741cf53e5?s=96&d=mm&r=g","caption":"Junior Geo"},"url":"https:\/\/professorjuniorgeo.com.br\/inicio\/blog\/author\/juniorgeo\/"}]}},"_links":{"self":[{"href":"https:\/\/professorjuniorgeo.com.br\/inicio\/blog\/wp-json\/wp\/v2\/posts\/839","targetHints":{"allow":["GET"]}}],"collection":[{"href":"https:\/\/professorjuniorgeo.com.br\/inicio\/blog\/wp-json\/wp\/v2\/posts"}],"about":[{"href":"https:\/\/professorjuniorgeo.com.br\/inicio\/blog\/wp-json\/wp\/v2\/types\/post"}],"author":[{"embeddable":true,"href":"https:\/\/professorjuniorgeo.com.br\/inicio\/blog\/wp-json\/wp\/v2\/users\/3"}],"replies":[{"embeddable":true,"href":"https:\/\/professorjuniorgeo.com.br\/inicio\/blog\/wp-json\/wp\/v2\/comments?post=839"}],"version-history":[{"count":0,"href":"https:\/\/professorjuniorgeo.com.br\/inicio\/blog\/wp-json\/wp\/v2\/posts\/839\/revisions"}],"wp:featuredmedia":[{"embeddable":true,"href":"https:\/\/professorjuniorgeo.com.br\/inicio\/blog\/wp-json\/"}],"wp:attachment":[{"href":"https:\/\/professorjuniorgeo.com.br\/inicio\/blog\/wp-json\/wp\/v2\/media?parent=839"}],"wp:term":[{"taxonomy":"category","embeddable":true,"href":"https:\/\/professorjuniorgeo.com.br\/inicio\/blog\/wp-json\/wp\/v2\/categories?post=839"},{"taxonomy":"post_tag","embeddable":true,"href":"https:\/\/professorjuniorgeo.com.br\/inicio\/blog\/wp-json\/wp\/v2\/tags?post=839"}],"curies":[{"name":"wp","href":"https:\/\/api.w.org\/{rel}","templated":true}]}}