{"id":855,"date":"2015-10-01T13:06:21","date_gmt":"2015-10-01T16:06:21","guid":{"rendered":"http:\/\/professorjuniorgeo.com.br\/portal\/?p=855"},"modified":"2015-10-01T13:06:21","modified_gmt":"2015-10-01T16:06:21","slug":"prof-junior-geo-e-homenageado-pelo-dia-do-vereador-parlamentar-lembra-a-importancia-da-funcao","status":"publish","type":"post","link":"https:\/\/professorjuniorgeo.com.br\/inicio\/blog\/2015\/10\/01\/prof-junior-geo-e-homenageado-pelo-dia-do-vereador-parlamentar-lembra-a-importancia-da-funcao\/","title":{"rendered":"Prof. J\u00fanior Geo \u00e9 homenageado pelo Dia do Vereador; parlamentar lembra a import\u00e2ncia da fun\u00e7\u00e3o"},"content":{"rendered":"<p style=\"text-align: center;\">\u00a0<em>Em sess\u00e3o solene, na C\u00e2mara Municipal de Palmas, o vereador tamb\u00e9m reconheceu que Damaso merece prest\u00edgio pelo seu bom senso\u00a0<\/em><\/p>\n<p><em>Por Camylla Costa<\/em><\/p>\n<p>Nesta quinta-feira, 01, data em que se comemora o Dia do Vereador, o parlamentar professor J\u00fanior Geo foi homenageado junto aos demais membros da C\u00e2mara Municipal de Palmas, em sess\u00e3o solene. \u00a0Na ocasi\u00e3o, a esposa do vereador, Elza Armondes, esteve presente e entregou-lhe uma placa de reconhecimento.<\/p>\n<p>Durante o evento, a Casa de Leis tamb\u00e9m prestou homenagem ao ex-vereador, Jos\u00e9 Hermes Damaso, falecido no dia 05\/09.\u00a0 Geo enfatizou, na oportunidade, que Damaso \u00e9 digno de \u00a0reconhecimento. \u201cEle merece prest\u00edgio pelo respeito e bom senso que sempre demonstrou estando nesta Casa. Independente de posicionamento pol\u00edtico sempre se manteve firme em representar a sociedade\u201d, disse.<\/p>\n<p><strong>Import\u00e2ncia da atua\u00e7\u00e3o parlamentar<\/strong><\/p>\n<p>Legislar, fiscalizar e representar. A fun\u00e7\u00e3o do vereador, que se resume nestas palavras, ainda n\u00e3o \u00e9 familiar \u00e0 maioria da popula\u00e7\u00e3o. No dia em que se reconhece a import\u00e2ncia da atua\u00e7\u00e3o parlamentar, J\u00fanior Geo enfatiza a necessidade da participa\u00e7\u00e3o popular neste processo.<\/p>\n<p>\u201c\u00c9 preciso que as pessoas saibam que estamos aqui para acompanhar as a\u00e7\u00f5es do prefeito a fim de que sejam bem executadas e ocorram em benef\u00edcio do povo, al\u00e9m de levar adiante os anseios da sociedade por meio de projetos de lei e requerimentos\u201d, destacou.<\/p>\n<p>&nbsp;<\/p>\n<p>&nbsp;<\/p>\n","protected":false},"excerpt":{"rendered":"<p>\u00a0Em sess\u00e3o solene, na C\u00e2mara Municipal de Palmas, o vereador tamb\u00e9m reconheceu que Damaso merece prest\u00edgio pelo seu bom senso\u00a0 Por Camylla Costa Nesta quinta-feira, 01, data em que se comemora o Dia do Vereador, o parlamentar professor J\u00fanior Geo foi homenageado junto aos demais membros da C\u00e2mara Municipal de Palmas, em sess\u00e3o solene. \u00a0Na [&hellip;]<\/p>\n","protected":false},"author":3,"featured_media":856,"comment_status":"open","ping_status":"open","sticky":false,"template":"","format":"standard","meta":{"ngg_post_thumbnail":0,"footnotes":"","_links_to":"","_links_to_target":""},"categories":[23],"tags":[],"class_list":{"0":"post-855","1":"post","2":"type-post","3":"status-publish","4":"format-standard","5":"has-post-thumbnail","7":"category-noticias"},"yoast_head":"<!-- This site is optimized with the Yoast SEO plugin v27.2 - https:\/\/yoast.com\/product\/yoast-seo-wordpress\/ -->\n<title>Prof. J\u00fanior Geo \u00e9 homenageado pelo Dia do Vereador; parlamentar lembra a import\u00e2ncia da fun\u00e7\u00e3o - Junior Geo<\/title>\n<meta name=\"robots\" content=\"index, follow, max-snippet:-1, max-image-preview:large, max-video-preview:-1\" \/>\n<link rel=\"canonical\" href=\"https:\/\/professorjuniorgeo.com.br\/inicio\/blog\/2015\/10\/01\/prof-junior-geo-e-homenageado-pelo-dia-do-vereador-parlamentar-lembra-a-importancia-da-funcao\/\" \/>\n<meta property=\"og:locale\" content=\"pt_PT\" \/>\n<meta property=\"og:type\" content=\"article\" \/>\n<meta property=\"og:title\" content=\"Prof. J\u00fanior Geo \u00e9 homenageado pelo Dia do Vereador; parlamentar lembra a import\u00e2ncia da fun\u00e7\u00e3o - Junior Geo\" \/>\n<meta property=\"og:description\" content=\"\u00a0Em sess\u00e3o solene, na C\u00e2mara Municipal de Palmas, o vereador tamb\u00e9m reconheceu que Damaso merece prest\u00edgio pelo seu bom senso\u00a0 Por Camylla Costa Nesta quinta-feira, 01, data em que se comemora o Dia do Vereador, o parlamentar professor J\u00fanior Geo foi homenageado junto aos demais membros da C\u00e2mara Municipal de Palmas, em sess\u00e3o solene. \u00a0Na [&hellip;]\" \/>\n<meta property=\"og:url\" content=\"https:\/\/professorjuniorgeo.com.br\/inicio\/blog\/2015\/10\/01\/prof-junior-geo-e-homenageado-pelo-dia-do-vereador-parlamentar-lembra-a-importancia-da-funcao\/\" \/>\n<meta property=\"og:site_name\" content=\"Junior Geo\" \/>\n<meta property=\"article:published_time\" content=\"2015-10-01T16:06:21+00:00\" \/>\n<meta name=\"author\" content=\"Junior Geo\" \/>\n<meta name=\"twitter:card\" content=\"summary_large_image\" \/>\n<meta name=\"twitter:creator\" content=\"@prof_juniorgeo\" \/>\n<meta name=\"twitter:site\" content=\"@prof_juniorgeo\" \/>\n<meta name=\"twitter:label1\" content=\"Written by\" \/>\n\t<meta name=\"twitter:data1\" content=\"Junior Geo\" \/>\n\t<meta name=\"twitter:label2\" content=\"Est. reading time\" \/>\n\t<meta name=\"twitter:data2\" content=\"1 minuto\" \/>\n<script type=\"application\/ld+json\" class=\"yoast-schema-graph\">{\"@context\":\"https:\/\/schema.org\",\"@graph\":[{\"@type\":\"Article\",\"@id\":\"https:\/\/professorjuniorgeo.com.br\/inicio\/blog\/2015\/10\/01\/prof-junior-geo-e-homenageado-pelo-dia-do-vereador-parlamentar-lembra-a-importancia-da-funcao\/#article\",\"isPartOf\":{\"@id\":\"https:\/\/professorjuniorgeo.com.br\/inicio\/blog\/2015\/10\/01\/prof-junior-geo-e-homenageado-pelo-dia-do-vereador-parlamentar-lembra-a-importancia-da-funcao\/\"},\"author\":{\"name\":\"Junior Geo\",\"@id\":\"https:\/\/professorjuniorgeo.com.br\/inicio\/blog\/#\/schema\/person\/b410d99e2a067c5581355dacd1508d03\"},\"headline\":\"Prof. J\u00fanior Geo \u00e9 homenageado pelo Dia do Vereador; parlamentar lembra a import\u00e2ncia da fun\u00e7\u00e3o\",\"datePublished\":\"2015-10-01T16:06:21+00:00\",\"mainEntityOfPage\":{\"@id\":\"https:\/\/professorjuniorgeo.com.br\/inicio\/blog\/2015\/10\/01\/prof-junior-geo-e-homenageado-pelo-dia-do-vereador-parlamentar-lembra-a-importancia-da-funcao\/\"},\"wordCount\":253,\"commentCount\":0,\"publisher\":{\"@id\":\"https:\/\/professorjuniorgeo.com.br\/inicio\/blog\/#organization\"},\"image\":{\"@id\":\"https:\/\/professorjuniorgeo.com.br\/inicio\/blog\/2015\/10\/01\/prof-junior-geo-e-homenageado-pelo-dia-do-vereador-parlamentar-lembra-a-importancia-da-funcao\/#primaryimage\"},\"thumbnailUrl\":\"\",\"articleSection\":[\"Not\u00edcias\"],\"inLanguage\":\"pt-PT\",\"potentialAction\":[{\"@type\":\"CommentAction\",\"name\":\"Comment\",\"target\":[\"https:\/\/professorjuniorgeo.com.br\/inicio\/blog\/2015\/10\/01\/prof-junior-geo-e-homenageado-pelo-dia-do-vereador-parlamentar-lembra-a-importancia-da-funcao\/#respond\"]}]},{\"@type\":\"WebPage\",\"@id\":\"https:\/\/professorjuniorgeo.com.br\/inicio\/blog\/2015\/10\/01\/prof-junior-geo-e-homenageado-pelo-dia-do-vereador-parlamentar-lembra-a-importancia-da-funcao\/\",\"url\":\"https:\/\/professorjuniorgeo.com.br\/inicio\/blog\/2015\/10\/01\/prof-junior-geo-e-homenageado-pelo-dia-do-vereador-parlamentar-lembra-a-importancia-da-funcao\/\",\"name\":\"Prof. J\u00fanior Geo \u00e9 homenageado pelo Dia do Vereador; parlamentar lembra a import\u00e2ncia da fun\u00e7\u00e3o - Junior Geo\",\"isPartOf\":{\"@id\":\"https:\/\/professorjuniorgeo.com.br\/inicio\/blog\/#website\"},\"primaryImageOfPage\":{\"@id\":\"https:\/\/professorjuniorgeo.com.br\/inicio\/blog\/2015\/10\/01\/prof-junior-geo-e-homenageado-pelo-dia-do-vereador-parlamentar-lembra-a-importancia-da-funcao\/#primaryimage\"},\"image\":{\"@id\":\"https:\/\/professorjuniorgeo.com.br\/inicio\/blog\/2015\/10\/01\/prof-junior-geo-e-homenageado-pelo-dia-do-vereador-parlamentar-lembra-a-importancia-da-funcao\/#primaryimage\"},\"thumbnailUrl\":\"\",\"datePublished\":\"2015-10-01T16:06:21+00:00\",\"breadcrumb\":{\"@id\":\"https:\/\/professorjuniorgeo.com.br\/inicio\/blog\/2015\/10\/01\/prof-junior-geo-e-homenageado-pelo-dia-do-vereador-parlamentar-lembra-a-importancia-da-funcao\/#breadcrumb\"},\"inLanguage\":\"pt-PT\",\"potentialAction\":[{\"@type\":\"ReadAction\",\"target\":[\"https:\/\/professorjuniorgeo.com.br\/inicio\/blog\/2015\/10\/01\/prof-junior-geo-e-homenageado-pelo-dia-do-vereador-parlamentar-lembra-a-importancia-da-funcao\/\"]}]},{\"@type\":\"ImageObject\",\"inLanguage\":\"pt-PT\",\"@id\":\"https:\/\/professorjuniorgeo.com.br\/inicio\/blog\/2015\/10\/01\/prof-junior-geo-e-homenageado-pelo-dia-do-vereador-parlamentar-lembra-a-importancia-da-funcao\/#primaryimage\",\"url\":\"\",\"contentUrl\":\"\"},{\"@type\":\"BreadcrumbList\",\"@id\":\"https:\/\/professorjuniorgeo.com.br\/inicio\/blog\/2015\/10\/01\/prof-junior-geo-e-homenageado-pelo-dia-do-vereador-parlamentar-lembra-a-importancia-da-funcao\/#breadcrumb\",\"itemListElement\":[{\"@type\":\"ListItem\",\"position\":1,\"name\":\"Home\",\"item\":\"https:\/\/professorjuniorgeo.com.br\/inicio\/blog\/\"},{\"@type\":\"ListItem\",\"position\":2,\"name\":\"Prof. J\u00fanior Geo \u00e9 homenageado pelo Dia do Vereador; parlamentar lembra a import\u00e2ncia da fun\u00e7\u00e3o\"}]},{\"@type\":\"WebSite\",\"@id\":\"https:\/\/professorjuniorgeo.com.br\/inicio\/blog\/#website\",\"url\":\"https:\/\/professorjuniorgeo.com.br\/inicio\/blog\/\",\"name\":\"Junior Geo Deputado Estadual\",\"description\":\"Professor Junior Geo\",\"publisher\":{\"@id\":\"https:\/\/professorjuniorgeo.com.br\/inicio\/blog\/#organization\"},\"potentialAction\":[{\"@type\":\"SearchAction\",\"target\":{\"@type\":\"EntryPoint\",\"urlTemplate\":\"https:\/\/professorjuniorgeo.com.br\/inicio\/blog\/?s={search_term_string}\"},\"query-input\":{\"@type\":\"PropertyValueSpecification\",\"valueRequired\":true,\"valueName\":\"search_term_string\"}}],\"inLanguage\":\"pt-PT\"},{\"@type\":\"Organization\",\"@id\":\"https:\/\/professorjuniorgeo.com.br\/inicio\/blog\/#organization\",\"name\":\"Junior Geo Deputado Estadual\",\"url\":\"https:\/\/professorjuniorgeo.com.br\/inicio\/blog\/\",\"logo\":{\"@type\":\"ImageObject\",\"inLanguage\":\"pt-PT\",\"@id\":\"https:\/\/professorjuniorgeo.com.br\/inicio\/blog\/#\/schema\/logo\/image\/\",\"url\":\"https:\/\/professorjuniorgeo.com.br\/inicio\/blog\/wp-content\/uploads\/2023\/02\/cropped-logo.png\",\"contentUrl\":\"https:\/\/professorjuniorgeo.com.br\/inicio\/blog\/wp-content\/uploads\/2023\/02\/cropped-logo.png\",\"width\":1736,\"height\":416,\"caption\":\"Junior Geo Deputado Estadual\"},\"image\":{\"@id\":\"https:\/\/professorjuniorgeo.com.br\/inicio\/blog\/#\/schema\/logo\/image\/\"},\"sameAs\":[\"https:\/\/x.com\/prof_juniorgeo\",\"https:\/\/www.instagram.com\/prof_juniorgeo\/\"]},{\"@type\":\"Person\",\"@id\":\"https:\/\/professorjuniorgeo.com.br\/inicio\/blog\/#\/schema\/person\/b410d99e2a067c5581355dacd1508d03\",\"name\":\"Junior Geo\",\"image\":{\"@type\":\"ImageObject\",\"inLanguage\":\"pt-PT\",\"@id\":\"https:\/\/secure.gravatar.com\/avatar\/4a183b8fe59449f23caec60faabe3ad350a91e0b8cdf49ada6b375a741cf53e5?s=96&d=mm&r=g\",\"url\":\"https:\/\/secure.gravatar.com\/avatar\/4a183b8fe59449f23caec60faabe3ad350a91e0b8cdf49ada6b375a741cf53e5?s=96&d=mm&r=g\",\"contentUrl\":\"https:\/\/secure.gravatar.com\/avatar\/4a183b8fe59449f23caec60faabe3ad350a91e0b8cdf49ada6b375a741cf53e5?s=96&d=mm&r=g\",\"caption\":\"Junior Geo\"},\"url\":\"https:\/\/professorjuniorgeo.com.br\/inicio\/blog\/author\/juniorgeo\/\"}]}<\/script>\n<!-- \/ Yoast SEO plugin. -->","yoast_head_json":{"title":"Prof. J\u00fanior Geo \u00e9 homenageado pelo Dia do Vereador; parlamentar lembra a import\u00e2ncia da fun\u00e7\u00e3o - Junior Geo","robots":{"index":"index","follow":"follow","max-snippet":"max-snippet:-1","max-image-preview":"max-image-preview:large","max-video-preview":"max-video-preview:-1"},"canonical":"https:\/\/professorjuniorgeo.com.br\/inicio\/blog\/2015\/10\/01\/prof-junior-geo-e-homenageado-pelo-dia-do-vereador-parlamentar-lembra-a-importancia-da-funcao\/","og_locale":"pt_PT","og_type":"article","og_title":"Prof. J\u00fanior Geo \u00e9 homenageado pelo Dia do Vereador; parlamentar lembra a import\u00e2ncia da fun\u00e7\u00e3o - Junior Geo","og_description":"\u00a0Em sess\u00e3o solene, na C\u00e2mara Municipal de Palmas, o vereador tamb\u00e9m reconheceu que Damaso merece prest\u00edgio pelo seu bom senso\u00a0 Por Camylla Costa Nesta quinta-feira, 01, data em que se comemora o Dia do Vereador, o parlamentar professor J\u00fanior Geo foi homenageado junto aos demais membros da C\u00e2mara Municipal de Palmas, em sess\u00e3o solene. \u00a0Na [&hellip;]","og_url":"https:\/\/professorjuniorgeo.com.br\/inicio\/blog\/2015\/10\/01\/prof-junior-geo-e-homenageado-pelo-dia-do-vereador-parlamentar-lembra-a-importancia-da-funcao\/","og_site_name":"Junior Geo","article_published_time":"2015-10-01T16:06:21+00:00","author":"Junior Geo","twitter_card":"summary_large_image","twitter_creator":"@prof_juniorgeo","twitter_site":"@prof_juniorgeo","twitter_misc":{"Written by":"Junior Geo","Est. reading time":"1 minuto"},"schema":{"@context":"https:\/\/schema.org","@graph":[{"@type":"Article","@id":"https:\/\/professorjuniorgeo.com.br\/inicio\/blog\/2015\/10\/01\/prof-junior-geo-e-homenageado-pelo-dia-do-vereador-parlamentar-lembra-a-importancia-da-funcao\/#article","isPartOf":{"@id":"https:\/\/professorjuniorgeo.com.br\/inicio\/blog\/2015\/10\/01\/prof-junior-geo-e-homenageado-pelo-dia-do-vereador-parlamentar-lembra-a-importancia-da-funcao\/"},"author":{"name":"Junior Geo","@id":"https:\/\/professorjuniorgeo.com.br\/inicio\/blog\/#\/schema\/person\/b410d99e2a067c5581355dacd1508d03"},"headline":"Prof. J\u00fanior Geo \u00e9 homenageado pelo Dia do Vereador; parlamentar lembra a import\u00e2ncia da fun\u00e7\u00e3o","datePublished":"2015-10-01T16:06:21+00:00","mainEntityOfPage":{"@id":"https:\/\/professorjuniorgeo.com.br\/inicio\/blog\/2015\/10\/01\/prof-junior-geo-e-homenageado-pelo-dia-do-vereador-parlamentar-lembra-a-importancia-da-funcao\/"},"wordCount":253,"commentCount":0,"publisher":{"@id":"https:\/\/professorjuniorgeo.com.br\/inicio\/blog\/#organization"},"image":{"@id":"https:\/\/professorjuniorgeo.com.br\/inicio\/blog\/2015\/10\/01\/prof-junior-geo-e-homenageado-pelo-dia-do-vereador-parlamentar-lembra-a-importancia-da-funcao\/#primaryimage"},"thumbnailUrl":"","articleSection":["Not\u00edcias"],"inLanguage":"pt-PT","potentialAction":[{"@type":"CommentAction","name":"Comment","target":["https:\/\/professorjuniorgeo.com.br\/inicio\/blog\/2015\/10\/01\/prof-junior-geo-e-homenageado-pelo-dia-do-vereador-parlamentar-lembra-a-importancia-da-funcao\/#respond"]}]},{"@type":"WebPage","@id":"https:\/\/professorjuniorgeo.com.br\/inicio\/blog\/2015\/10\/01\/prof-junior-geo-e-homenageado-pelo-dia-do-vereador-parlamentar-lembra-a-importancia-da-funcao\/","url":"https:\/\/professorjuniorgeo.com.br\/inicio\/blog\/2015\/10\/01\/prof-junior-geo-e-homenageado-pelo-dia-do-vereador-parlamentar-lembra-a-importancia-da-funcao\/","name":"Prof. J\u00fanior Geo \u00e9 homenageado pelo Dia do Vereador; parlamentar lembra a import\u00e2ncia da fun\u00e7\u00e3o - Junior Geo","isPartOf":{"@id":"https:\/\/professorjuniorgeo.com.br\/inicio\/blog\/#website"},"primaryImageOfPage":{"@id":"https:\/\/professorjuniorgeo.com.br\/inicio\/blog\/2015\/10\/01\/prof-junior-geo-e-homenageado-pelo-dia-do-vereador-parlamentar-lembra-a-importancia-da-funcao\/#primaryimage"},"image":{"@id":"https:\/\/professorjuniorgeo.com.br\/inicio\/blog\/2015\/10\/01\/prof-junior-geo-e-homenageado-pelo-dia-do-vereador-parlamentar-lembra-a-importancia-da-funcao\/#primaryimage"},"thumbnailUrl":"","datePublished":"2015-10-01T16:06:21+00:00","breadcrumb":{"@id":"https:\/\/professorjuniorgeo.com.br\/inicio\/blog\/2015\/10\/01\/prof-junior-geo-e-homenageado-pelo-dia-do-vereador-parlamentar-lembra-a-importancia-da-funcao\/#breadcrumb"},"inLanguage":"pt-PT","potentialAction":[{"@type":"ReadAction","target":["https:\/\/professorjuniorgeo.com.br\/inicio\/blog\/2015\/10\/01\/prof-junior-geo-e-homenageado-pelo-dia-do-vereador-parlamentar-lembra-a-importancia-da-funcao\/"]}]},{"@type":"ImageObject","inLanguage":"pt-PT","@id":"https:\/\/professorjuniorgeo.com.br\/inicio\/blog\/2015\/10\/01\/prof-junior-geo-e-homenageado-pelo-dia-do-vereador-parlamentar-lembra-a-importancia-da-funcao\/#primaryimage","url":"","contentUrl":""},{"@type":"BreadcrumbList","@id":"https:\/\/professorjuniorgeo.com.br\/inicio\/blog\/2015\/10\/01\/prof-junior-geo-e-homenageado-pelo-dia-do-vereador-parlamentar-lembra-a-importancia-da-funcao\/#breadcrumb","itemListElement":[{"@type":"ListItem","position":1,"name":"Home","item":"https:\/\/professorjuniorgeo.com.br\/inicio\/blog\/"},{"@type":"ListItem","position":2,"name":"Prof. J\u00fanior Geo \u00e9 homenageado pelo Dia do Vereador; parlamentar lembra a import\u00e2ncia da fun\u00e7\u00e3o"}]},{"@type":"WebSite","@id":"https:\/\/professorjuniorgeo.com.br\/inicio\/blog\/#website","url":"https:\/\/professorjuniorgeo.com.br\/inicio\/blog\/","name":"Junior Geo Deputado Estadual","description":"Professor Junior Geo","publisher":{"@id":"https:\/\/professorjuniorgeo.com.br\/inicio\/blog\/#organization"},"potentialAction":[{"@type":"SearchAction","target":{"@type":"EntryPoint","urlTemplate":"https:\/\/professorjuniorgeo.com.br\/inicio\/blog\/?s={search_term_string}"},"query-input":{"@type":"PropertyValueSpecification","valueRequired":true,"valueName":"search_term_string"}}],"inLanguage":"pt-PT"},{"@type":"Organization","@id":"https:\/\/professorjuniorgeo.com.br\/inicio\/blog\/#organization","name":"Junior Geo Deputado Estadual","url":"https:\/\/professorjuniorgeo.com.br\/inicio\/blog\/","logo":{"@type":"ImageObject","inLanguage":"pt-PT","@id":"https:\/\/professorjuniorgeo.com.br\/inicio\/blog\/#\/schema\/logo\/image\/","url":"https:\/\/professorjuniorgeo.com.br\/inicio\/blog\/wp-content\/uploads\/2023\/02\/cropped-logo.png","contentUrl":"https:\/\/professorjuniorgeo.com.br\/inicio\/blog\/wp-content\/uploads\/2023\/02\/cropped-logo.png","width":1736,"height":416,"caption":"Junior Geo Deputado Estadual"},"image":{"@id":"https:\/\/professorjuniorgeo.com.br\/inicio\/blog\/#\/schema\/logo\/image\/"},"sameAs":["https:\/\/x.com\/prof_juniorgeo","https:\/\/www.instagram.com\/prof_juniorgeo\/"]},{"@type":"Person","@id":"https:\/\/professorjuniorgeo.com.br\/inicio\/blog\/#\/schema\/person\/b410d99e2a067c5581355dacd1508d03","name":"Junior Geo","image":{"@type":"ImageObject","inLanguage":"pt-PT","@id":"https:\/\/secure.gravatar.com\/avatar\/4a183b8fe59449f23caec60faabe3ad350a91e0b8cdf49ada6b375a741cf53e5?s=96&d=mm&r=g","url":"https:\/\/secure.gravatar.com\/avatar\/4a183b8fe59449f23caec60faabe3ad350a91e0b8cdf49ada6b375a741cf53e5?s=96&d=mm&r=g","contentUrl":"https:\/\/secure.gravatar.com\/avatar\/4a183b8fe59449f23caec60faabe3ad350a91e0b8cdf49ada6b375a741cf53e5?s=96&d=mm&r=g","caption":"Junior Geo"},"url":"https:\/\/professorjuniorgeo.com.br\/inicio\/blog\/author\/juniorgeo\/"}]}},"_links":{"self":[{"href":"https:\/\/professorjuniorgeo.com.br\/inicio\/blog\/wp-json\/wp\/v2\/posts\/855","targetHints":{"allow":["GET"]}}],"collection":[{"href":"https:\/\/professorjuniorgeo.com.br\/inicio\/blog\/wp-json\/wp\/v2\/posts"}],"about":[{"href":"https:\/\/professorjuniorgeo.com.br\/inicio\/blog\/wp-json\/wp\/v2\/types\/post"}],"author":[{"embeddable":true,"href":"https:\/\/professorjuniorgeo.com.br\/inicio\/blog\/wp-json\/wp\/v2\/users\/3"}],"replies":[{"embeddable":true,"href":"https:\/\/professorjuniorgeo.com.br\/inicio\/blog\/wp-json\/wp\/v2\/comments?post=855"}],"version-history":[{"count":0,"href":"https:\/\/professorjuniorgeo.com.br\/inicio\/blog\/wp-json\/wp\/v2\/posts\/855\/revisions"}],"wp:featuredmedia":[{"embeddable":true,"href":"https:\/\/professorjuniorgeo.com.br\/inicio\/blog\/wp-json\/"}],"wp:attachment":[{"href":"https:\/\/professorjuniorgeo.com.br\/inicio\/blog\/wp-json\/wp\/v2\/media?parent=855"}],"wp:term":[{"taxonomy":"category","embeddable":true,"href":"https:\/\/professorjuniorgeo.com.br\/inicio\/blog\/wp-json\/wp\/v2\/categories?post=855"},{"taxonomy":"post_tag","embeddable":true,"href":"https:\/\/professorjuniorgeo.com.br\/inicio\/blog\/wp-json\/wp\/v2\/tags?post=855"}],"curies":[{"name":"wp","href":"https:\/\/api.w.org\/{rel}","templated":true}]}}