{"id":860,"date":"2015-10-06T14:03:20","date_gmt":"2015-10-06T17:03:20","guid":{"rendered":"http:\/\/professorjuniorgeo.com.br\/portal\/?p=860"},"modified":"2015-10-06T14:03:20","modified_gmt":"2015-10-06T17:03:20","slug":"greve-e-resultado-de-falta-de-dialogo-e-solucoes-do-executivo-diz-vereador-junior-geo","status":"publish","type":"post","link":"https:\/\/professorjuniorgeo.com.br\/inicio\/blog\/2015\/10\/06\/greve-e-resultado-de-falta-de-dialogo-e-solucoes-do-executivo-diz-vereador-junior-geo\/","title":{"rendered":"&#8216;Greve \u00e9 resultado de falta de di\u00e1logo e solu\u00e7\u00f5es do Executivo&#8217;, diz vereador J\u00fanior Geo"},"content":{"rendered":"<p style=\"text-align: center;\"><em>Em meio a discuss\u00f5es na C\u00e2mara nesta ter\u00e7a, o parlamentar refor\u00e7ou que a luta dos professores \u00e9 pelos 37 mil alunos do munic\u00edpio<\/em><\/p>\n<p><em>Por Camylla Costa<\/em><\/p>\n<p>O vereador professor J\u00fanior Geo (PROS) usou a tribuna durante sess\u00e3o ordin\u00e1ria nesta ter\u00e7a-feira, 06, para refor\u00e7ar que a greve na educa\u00e7\u00e3o municipal \u00e9 resultado da falta de di\u00e1logo do Executivo. \u201cA atual gest\u00e3o se recusa em reconhecer que a educa\u00e7\u00e3o precisa de reparos. Os professores e eu n\u00e3o somos favor\u00e1veis \u00e0 greve, somos favor\u00e1veis a solu\u00e7\u00f5es\u201d, disse o parlamentar sobre a paralisa\u00e7\u00e3o que come\u00e7a nesta quarta, 07, e segue por tempo indeterminado.<\/p>\n<p>A decis\u00e3o dos educadores foi tomada na \u00faltima quarta-feira, 30\/09, em assembleia geral, ap\u00f3s considerarem a resposta da gest\u00e3o municipal \u00e0s reivindica\u00e7\u00f5es inconsistente. Segundo relatos do Sindicato dos Trabalhadores em Educa\u00e7\u00e3o do Tocantins (Sintet), na ocasi\u00e3o, a r\u00e9plica apresentada pelo Executivo n\u00e3o ofereceu solu\u00e7\u00f5es que atendessem \u00e0s necessidades de alunos e educadores.<\/p>\n<p>Para o vereador Hiram Gomes (PSDB), a greve s\u00f3 causa preju\u00edzos \u00e0 popula\u00e7\u00e3o. \u201cEstamos no final do ano letivo, as fam\u00edlias ser\u00e3o prejudicadas. Est\u00e3o no direito de reivindicarem, mas pe\u00e7o que os professores reflitam sobre o preju\u00edzo\u201d, afirmou.<\/p>\n<p>Geo, durante a sess\u00e3o, tamb\u00e9m refor\u00e7ou que mais do que ningu\u00e9m os professores se preocupam com os alunos e suas respectivas fam\u00edlias. \u201c\u00c9 pela preocupa\u00e7\u00e3o com os 37 mil estudantes que os professores est\u00e3o lutando. A categoria abriu 15 dias para a gest\u00e3o responder seus questionamentos e foi em raz\u00e3o da falta de solu\u00e7\u00f5es plaus\u00edveis que os educadores est\u00e3o parando\u201d, enfatizou.<\/p>\n<p>Em meio ao debate sobre o assunto, o vereador Milton Neris (PR) questionou os motivos da paralisa\u00e7\u00e3o. \u201cN\u00e3o posso concordar com essa greve. N\u00e3o consigo entender os motivos. O que esta greve que apenas 20% dos professores decidiu vai trazer para n\u00f3s?\u201d, criticou.<\/p>\n<p>J\u00fanior Geo rebateu, afirmando que as informa\u00e7\u00f5es apresentadas por Neris est\u00e3o equivocadas: \u201cSaliento que n\u00e3o havia somente 20% dos professores na assembleia. 1800 professores compareceram na ocasi\u00e3o, o que representa quase 50% da categoria. Convido o senhor a visitar escolas e participar de assembleias para conhecer os motivos que levam a esta greve\u201d, refor\u00e7ou.<\/p>\n","protected":false},"excerpt":{"rendered":"<p>Em meio a discuss\u00f5es na C\u00e2mara nesta ter\u00e7a, o parlamentar refor\u00e7ou que a luta dos professores \u00e9 pelos 37 mil alunos do munic\u00edpio Por Camylla Costa O vereador professor J\u00fanior Geo (PROS) usou a tribuna durante sess\u00e3o ordin\u00e1ria nesta ter\u00e7a-feira, 06, para refor\u00e7ar que a greve na educa\u00e7\u00e3o municipal \u00e9 resultado da falta de di\u00e1logo [&hellip;]<\/p>\n","protected":false},"author":3,"featured_media":861,"comment_status":"open","ping_status":"open","sticky":false,"template":"","format":"standard","meta":{"ngg_post_thumbnail":0,"footnotes":"","_links_to":"","_links_to_target":""},"categories":[23],"tags":[],"class_list":{"0":"post-860","1":"post","2":"type-post","3":"status-publish","4":"format-standard","5":"has-post-thumbnail","7":"category-noticias"},"yoast_head":"<!-- This site is optimized with the Yoast SEO plugin v27.2 - https:\/\/yoast.com\/product\/yoast-seo-wordpress\/ -->\n<title>&#039;Greve \u00e9 resultado de falta de di\u00e1logo e solu\u00e7\u00f5es do Executivo&#039;, diz vereador J\u00fanior Geo - Junior Geo<\/title>\n<meta name=\"robots\" content=\"index, follow, max-snippet:-1, max-image-preview:large, max-video-preview:-1\" \/>\n<link rel=\"canonical\" href=\"https:\/\/professorjuniorgeo.com.br\/inicio\/blog\/2015\/10\/06\/greve-e-resultado-de-falta-de-dialogo-e-solucoes-do-executivo-diz-vereador-junior-geo\/\" \/>\n<meta property=\"og:locale\" content=\"pt_PT\" \/>\n<meta property=\"og:type\" content=\"article\" \/>\n<meta property=\"og:title\" content=\"&#039;Greve \u00e9 resultado de falta de di\u00e1logo e solu\u00e7\u00f5es do Executivo&#039;, diz vereador J\u00fanior Geo - Junior Geo\" \/>\n<meta property=\"og:description\" content=\"Em meio a discuss\u00f5es na C\u00e2mara nesta ter\u00e7a, o parlamentar refor\u00e7ou que a luta dos professores \u00e9 pelos 37 mil alunos do munic\u00edpio Por Camylla Costa O vereador professor J\u00fanior Geo (PROS) usou a tribuna durante sess\u00e3o ordin\u00e1ria nesta ter\u00e7a-feira, 06, para refor\u00e7ar que a greve na educa\u00e7\u00e3o municipal \u00e9 resultado da falta de di\u00e1logo [&hellip;]\" \/>\n<meta property=\"og:url\" content=\"https:\/\/professorjuniorgeo.com.br\/inicio\/blog\/2015\/10\/06\/greve-e-resultado-de-falta-de-dialogo-e-solucoes-do-executivo-diz-vereador-junior-geo\/\" \/>\n<meta property=\"og:site_name\" content=\"Junior Geo\" \/>\n<meta property=\"article:published_time\" content=\"2015-10-06T17:03:20+00:00\" \/>\n<meta name=\"author\" content=\"Junior Geo\" \/>\n<meta name=\"twitter:card\" content=\"summary_large_image\" \/>\n<meta name=\"twitter:creator\" content=\"@prof_juniorgeo\" \/>\n<meta name=\"twitter:site\" content=\"@prof_juniorgeo\" \/>\n<meta name=\"twitter:label1\" content=\"Written by\" \/>\n\t<meta name=\"twitter:data1\" content=\"Junior Geo\" \/>\n\t<meta name=\"twitter:label2\" content=\"Est. reading time\" \/>\n\t<meta name=\"twitter:data2\" content=\"2 minutos\" \/>\n<script type=\"application\/ld+json\" class=\"yoast-schema-graph\">{\"@context\":\"https:\/\/schema.org\",\"@graph\":[{\"@type\":\"Article\",\"@id\":\"https:\/\/professorjuniorgeo.com.br\/inicio\/blog\/2015\/10\/06\/greve-e-resultado-de-falta-de-dialogo-e-solucoes-do-executivo-diz-vereador-junior-geo\/#article\",\"isPartOf\":{\"@id\":\"https:\/\/professorjuniorgeo.com.br\/inicio\/blog\/2015\/10\/06\/greve-e-resultado-de-falta-de-dialogo-e-solucoes-do-executivo-diz-vereador-junior-geo\/\"},\"author\":{\"name\":\"Junior Geo\",\"@id\":\"https:\/\/professorjuniorgeo.com.br\/inicio\/blog\/#\/schema\/person\/b410d99e2a067c5581355dacd1508d03\"},\"headline\":\"&#8216;Greve \u00e9 resultado de falta de di\u00e1logo e solu\u00e7\u00f5es do Executivo&#8217;, diz vereador J\u00fanior Geo\",\"datePublished\":\"2015-10-06T17:03:20+00:00\",\"mainEntityOfPage\":{\"@id\":\"https:\/\/professorjuniorgeo.com.br\/inicio\/blog\/2015\/10\/06\/greve-e-resultado-de-falta-de-dialogo-e-solucoes-do-executivo-diz-vereador-junior-geo\/\"},\"wordCount\":407,\"commentCount\":0,\"publisher\":{\"@id\":\"https:\/\/professorjuniorgeo.com.br\/inicio\/blog\/#organization\"},\"image\":{\"@id\":\"https:\/\/professorjuniorgeo.com.br\/inicio\/blog\/2015\/10\/06\/greve-e-resultado-de-falta-de-dialogo-e-solucoes-do-executivo-diz-vereador-junior-geo\/#primaryimage\"},\"thumbnailUrl\":\"\",\"articleSection\":[\"Not\u00edcias\"],\"inLanguage\":\"pt-PT\",\"potentialAction\":[{\"@type\":\"CommentAction\",\"name\":\"Comment\",\"target\":[\"https:\/\/professorjuniorgeo.com.br\/inicio\/blog\/2015\/10\/06\/greve-e-resultado-de-falta-de-dialogo-e-solucoes-do-executivo-diz-vereador-junior-geo\/#respond\"]}]},{\"@type\":\"WebPage\",\"@id\":\"https:\/\/professorjuniorgeo.com.br\/inicio\/blog\/2015\/10\/06\/greve-e-resultado-de-falta-de-dialogo-e-solucoes-do-executivo-diz-vereador-junior-geo\/\",\"url\":\"https:\/\/professorjuniorgeo.com.br\/inicio\/blog\/2015\/10\/06\/greve-e-resultado-de-falta-de-dialogo-e-solucoes-do-executivo-diz-vereador-junior-geo\/\",\"name\":\"'Greve \u00e9 resultado de falta de di\u00e1logo e solu\u00e7\u00f5es do Executivo', diz vereador J\u00fanior Geo - Junior Geo\",\"isPartOf\":{\"@id\":\"https:\/\/professorjuniorgeo.com.br\/inicio\/blog\/#website\"},\"primaryImageOfPage\":{\"@id\":\"https:\/\/professorjuniorgeo.com.br\/inicio\/blog\/2015\/10\/06\/greve-e-resultado-de-falta-de-dialogo-e-solucoes-do-executivo-diz-vereador-junior-geo\/#primaryimage\"},\"image\":{\"@id\":\"https:\/\/professorjuniorgeo.com.br\/inicio\/blog\/2015\/10\/06\/greve-e-resultado-de-falta-de-dialogo-e-solucoes-do-executivo-diz-vereador-junior-geo\/#primaryimage\"},\"thumbnailUrl\":\"\",\"datePublished\":\"2015-10-06T17:03:20+00:00\",\"breadcrumb\":{\"@id\":\"https:\/\/professorjuniorgeo.com.br\/inicio\/blog\/2015\/10\/06\/greve-e-resultado-de-falta-de-dialogo-e-solucoes-do-executivo-diz-vereador-junior-geo\/#breadcrumb\"},\"inLanguage\":\"pt-PT\",\"potentialAction\":[{\"@type\":\"ReadAction\",\"target\":[\"https:\/\/professorjuniorgeo.com.br\/inicio\/blog\/2015\/10\/06\/greve-e-resultado-de-falta-de-dialogo-e-solucoes-do-executivo-diz-vereador-junior-geo\/\"]}]},{\"@type\":\"ImageObject\",\"inLanguage\":\"pt-PT\",\"@id\":\"https:\/\/professorjuniorgeo.com.br\/inicio\/blog\/2015\/10\/06\/greve-e-resultado-de-falta-de-dialogo-e-solucoes-do-executivo-diz-vereador-junior-geo\/#primaryimage\",\"url\":\"\",\"contentUrl\":\"\"},{\"@type\":\"BreadcrumbList\",\"@id\":\"https:\/\/professorjuniorgeo.com.br\/inicio\/blog\/2015\/10\/06\/greve-e-resultado-de-falta-de-dialogo-e-solucoes-do-executivo-diz-vereador-junior-geo\/#breadcrumb\",\"itemListElement\":[{\"@type\":\"ListItem\",\"position\":1,\"name\":\"Home\",\"item\":\"https:\/\/professorjuniorgeo.com.br\/inicio\/blog\/\"},{\"@type\":\"ListItem\",\"position\":2,\"name\":\"&#8216;Greve \u00e9 resultado de falta de di\u00e1logo e solu\u00e7\u00f5es do Executivo&#8217;, diz vereador J\u00fanior Geo\"}]},{\"@type\":\"WebSite\",\"@id\":\"https:\/\/professorjuniorgeo.com.br\/inicio\/blog\/#website\",\"url\":\"https:\/\/professorjuniorgeo.com.br\/inicio\/blog\/\",\"name\":\"Junior Geo Deputado Estadual\",\"description\":\"Professor Junior Geo\",\"publisher\":{\"@id\":\"https:\/\/professorjuniorgeo.com.br\/inicio\/blog\/#organization\"},\"potentialAction\":[{\"@type\":\"SearchAction\",\"target\":{\"@type\":\"EntryPoint\",\"urlTemplate\":\"https:\/\/professorjuniorgeo.com.br\/inicio\/blog\/?s={search_term_string}\"},\"query-input\":{\"@type\":\"PropertyValueSpecification\",\"valueRequired\":true,\"valueName\":\"search_term_string\"}}],\"inLanguage\":\"pt-PT\"},{\"@type\":\"Organization\",\"@id\":\"https:\/\/professorjuniorgeo.com.br\/inicio\/blog\/#organization\",\"name\":\"Junior Geo Deputado Estadual\",\"url\":\"https:\/\/professorjuniorgeo.com.br\/inicio\/blog\/\",\"logo\":{\"@type\":\"ImageObject\",\"inLanguage\":\"pt-PT\",\"@id\":\"https:\/\/professorjuniorgeo.com.br\/inicio\/blog\/#\/schema\/logo\/image\/\",\"url\":\"https:\/\/professorjuniorgeo.com.br\/inicio\/blog\/wp-content\/uploads\/2023\/02\/cropped-logo.png\",\"contentUrl\":\"https:\/\/professorjuniorgeo.com.br\/inicio\/blog\/wp-content\/uploads\/2023\/02\/cropped-logo.png\",\"width\":1736,\"height\":416,\"caption\":\"Junior Geo Deputado Estadual\"},\"image\":{\"@id\":\"https:\/\/professorjuniorgeo.com.br\/inicio\/blog\/#\/schema\/logo\/image\/\"},\"sameAs\":[\"https:\/\/x.com\/prof_juniorgeo\",\"https:\/\/www.instagram.com\/prof_juniorgeo\/\"]},{\"@type\":\"Person\",\"@id\":\"https:\/\/professorjuniorgeo.com.br\/inicio\/blog\/#\/schema\/person\/b410d99e2a067c5581355dacd1508d03\",\"name\":\"Junior Geo\",\"image\":{\"@type\":\"ImageObject\",\"inLanguage\":\"pt-PT\",\"@id\":\"https:\/\/secure.gravatar.com\/avatar\/4a183b8fe59449f23caec60faabe3ad350a91e0b8cdf49ada6b375a741cf53e5?s=96&d=mm&r=g\",\"url\":\"https:\/\/secure.gravatar.com\/avatar\/4a183b8fe59449f23caec60faabe3ad350a91e0b8cdf49ada6b375a741cf53e5?s=96&d=mm&r=g\",\"contentUrl\":\"https:\/\/secure.gravatar.com\/avatar\/4a183b8fe59449f23caec60faabe3ad350a91e0b8cdf49ada6b375a741cf53e5?s=96&d=mm&r=g\",\"caption\":\"Junior Geo\"},\"url\":\"https:\/\/professorjuniorgeo.com.br\/inicio\/blog\/author\/juniorgeo\/\"}]}<\/script>\n<!-- \/ Yoast SEO plugin. -->","yoast_head_json":{"title":"'Greve \u00e9 resultado de falta de di\u00e1logo e solu\u00e7\u00f5es do Executivo', diz vereador J\u00fanior Geo - Junior Geo","robots":{"index":"index","follow":"follow","max-snippet":"max-snippet:-1","max-image-preview":"max-image-preview:large","max-video-preview":"max-video-preview:-1"},"canonical":"https:\/\/professorjuniorgeo.com.br\/inicio\/blog\/2015\/10\/06\/greve-e-resultado-de-falta-de-dialogo-e-solucoes-do-executivo-diz-vereador-junior-geo\/","og_locale":"pt_PT","og_type":"article","og_title":"'Greve \u00e9 resultado de falta de di\u00e1logo e solu\u00e7\u00f5es do Executivo', diz vereador J\u00fanior Geo - Junior Geo","og_description":"Em meio a discuss\u00f5es na C\u00e2mara nesta ter\u00e7a, o parlamentar refor\u00e7ou que a luta dos professores \u00e9 pelos 37 mil alunos do munic\u00edpio Por Camylla Costa O vereador professor J\u00fanior Geo (PROS) usou a tribuna durante sess\u00e3o ordin\u00e1ria nesta ter\u00e7a-feira, 06, para refor\u00e7ar que a greve na educa\u00e7\u00e3o municipal \u00e9 resultado da falta de di\u00e1logo [&hellip;]","og_url":"https:\/\/professorjuniorgeo.com.br\/inicio\/blog\/2015\/10\/06\/greve-e-resultado-de-falta-de-dialogo-e-solucoes-do-executivo-diz-vereador-junior-geo\/","og_site_name":"Junior Geo","article_published_time":"2015-10-06T17:03:20+00:00","author":"Junior Geo","twitter_card":"summary_large_image","twitter_creator":"@prof_juniorgeo","twitter_site":"@prof_juniorgeo","twitter_misc":{"Written by":"Junior Geo","Est. reading time":"2 minutos"},"schema":{"@context":"https:\/\/schema.org","@graph":[{"@type":"Article","@id":"https:\/\/professorjuniorgeo.com.br\/inicio\/blog\/2015\/10\/06\/greve-e-resultado-de-falta-de-dialogo-e-solucoes-do-executivo-diz-vereador-junior-geo\/#article","isPartOf":{"@id":"https:\/\/professorjuniorgeo.com.br\/inicio\/blog\/2015\/10\/06\/greve-e-resultado-de-falta-de-dialogo-e-solucoes-do-executivo-diz-vereador-junior-geo\/"},"author":{"name":"Junior Geo","@id":"https:\/\/professorjuniorgeo.com.br\/inicio\/blog\/#\/schema\/person\/b410d99e2a067c5581355dacd1508d03"},"headline":"&#8216;Greve \u00e9 resultado de falta de di\u00e1logo e solu\u00e7\u00f5es do Executivo&#8217;, diz vereador J\u00fanior Geo","datePublished":"2015-10-06T17:03:20+00:00","mainEntityOfPage":{"@id":"https:\/\/professorjuniorgeo.com.br\/inicio\/blog\/2015\/10\/06\/greve-e-resultado-de-falta-de-dialogo-e-solucoes-do-executivo-diz-vereador-junior-geo\/"},"wordCount":407,"commentCount":0,"publisher":{"@id":"https:\/\/professorjuniorgeo.com.br\/inicio\/blog\/#organization"},"image":{"@id":"https:\/\/professorjuniorgeo.com.br\/inicio\/blog\/2015\/10\/06\/greve-e-resultado-de-falta-de-dialogo-e-solucoes-do-executivo-diz-vereador-junior-geo\/#primaryimage"},"thumbnailUrl":"","articleSection":["Not\u00edcias"],"inLanguage":"pt-PT","potentialAction":[{"@type":"CommentAction","name":"Comment","target":["https:\/\/professorjuniorgeo.com.br\/inicio\/blog\/2015\/10\/06\/greve-e-resultado-de-falta-de-dialogo-e-solucoes-do-executivo-diz-vereador-junior-geo\/#respond"]}]},{"@type":"WebPage","@id":"https:\/\/professorjuniorgeo.com.br\/inicio\/blog\/2015\/10\/06\/greve-e-resultado-de-falta-de-dialogo-e-solucoes-do-executivo-diz-vereador-junior-geo\/","url":"https:\/\/professorjuniorgeo.com.br\/inicio\/blog\/2015\/10\/06\/greve-e-resultado-de-falta-de-dialogo-e-solucoes-do-executivo-diz-vereador-junior-geo\/","name":"'Greve \u00e9 resultado de falta de di\u00e1logo e solu\u00e7\u00f5es do Executivo', diz vereador J\u00fanior Geo - Junior Geo","isPartOf":{"@id":"https:\/\/professorjuniorgeo.com.br\/inicio\/blog\/#website"},"primaryImageOfPage":{"@id":"https:\/\/professorjuniorgeo.com.br\/inicio\/blog\/2015\/10\/06\/greve-e-resultado-de-falta-de-dialogo-e-solucoes-do-executivo-diz-vereador-junior-geo\/#primaryimage"},"image":{"@id":"https:\/\/professorjuniorgeo.com.br\/inicio\/blog\/2015\/10\/06\/greve-e-resultado-de-falta-de-dialogo-e-solucoes-do-executivo-diz-vereador-junior-geo\/#primaryimage"},"thumbnailUrl":"","datePublished":"2015-10-06T17:03:20+00:00","breadcrumb":{"@id":"https:\/\/professorjuniorgeo.com.br\/inicio\/blog\/2015\/10\/06\/greve-e-resultado-de-falta-de-dialogo-e-solucoes-do-executivo-diz-vereador-junior-geo\/#breadcrumb"},"inLanguage":"pt-PT","potentialAction":[{"@type":"ReadAction","target":["https:\/\/professorjuniorgeo.com.br\/inicio\/blog\/2015\/10\/06\/greve-e-resultado-de-falta-de-dialogo-e-solucoes-do-executivo-diz-vereador-junior-geo\/"]}]},{"@type":"ImageObject","inLanguage":"pt-PT","@id":"https:\/\/professorjuniorgeo.com.br\/inicio\/blog\/2015\/10\/06\/greve-e-resultado-de-falta-de-dialogo-e-solucoes-do-executivo-diz-vereador-junior-geo\/#primaryimage","url":"","contentUrl":""},{"@type":"BreadcrumbList","@id":"https:\/\/professorjuniorgeo.com.br\/inicio\/blog\/2015\/10\/06\/greve-e-resultado-de-falta-de-dialogo-e-solucoes-do-executivo-diz-vereador-junior-geo\/#breadcrumb","itemListElement":[{"@type":"ListItem","position":1,"name":"Home","item":"https:\/\/professorjuniorgeo.com.br\/inicio\/blog\/"},{"@type":"ListItem","position":2,"name":"&#8216;Greve \u00e9 resultado de falta de di\u00e1logo e solu\u00e7\u00f5es do Executivo&#8217;, diz vereador J\u00fanior Geo"}]},{"@type":"WebSite","@id":"https:\/\/professorjuniorgeo.com.br\/inicio\/blog\/#website","url":"https:\/\/professorjuniorgeo.com.br\/inicio\/blog\/","name":"Junior Geo Deputado Estadual","description":"Professor Junior Geo","publisher":{"@id":"https:\/\/professorjuniorgeo.com.br\/inicio\/blog\/#organization"},"potentialAction":[{"@type":"SearchAction","target":{"@type":"EntryPoint","urlTemplate":"https:\/\/professorjuniorgeo.com.br\/inicio\/blog\/?s={search_term_string}"},"query-input":{"@type":"PropertyValueSpecification","valueRequired":true,"valueName":"search_term_string"}}],"inLanguage":"pt-PT"},{"@type":"Organization","@id":"https:\/\/professorjuniorgeo.com.br\/inicio\/blog\/#organization","name":"Junior Geo Deputado Estadual","url":"https:\/\/professorjuniorgeo.com.br\/inicio\/blog\/","logo":{"@type":"ImageObject","inLanguage":"pt-PT","@id":"https:\/\/professorjuniorgeo.com.br\/inicio\/blog\/#\/schema\/logo\/image\/","url":"https:\/\/professorjuniorgeo.com.br\/inicio\/blog\/wp-content\/uploads\/2023\/02\/cropped-logo.png","contentUrl":"https:\/\/professorjuniorgeo.com.br\/inicio\/blog\/wp-content\/uploads\/2023\/02\/cropped-logo.png","width":1736,"height":416,"caption":"Junior Geo Deputado Estadual"},"image":{"@id":"https:\/\/professorjuniorgeo.com.br\/inicio\/blog\/#\/schema\/logo\/image\/"},"sameAs":["https:\/\/x.com\/prof_juniorgeo","https:\/\/www.instagram.com\/prof_juniorgeo\/"]},{"@type":"Person","@id":"https:\/\/professorjuniorgeo.com.br\/inicio\/blog\/#\/schema\/person\/b410d99e2a067c5581355dacd1508d03","name":"Junior Geo","image":{"@type":"ImageObject","inLanguage":"pt-PT","@id":"https:\/\/secure.gravatar.com\/avatar\/4a183b8fe59449f23caec60faabe3ad350a91e0b8cdf49ada6b375a741cf53e5?s=96&d=mm&r=g","url":"https:\/\/secure.gravatar.com\/avatar\/4a183b8fe59449f23caec60faabe3ad350a91e0b8cdf49ada6b375a741cf53e5?s=96&d=mm&r=g","contentUrl":"https:\/\/secure.gravatar.com\/avatar\/4a183b8fe59449f23caec60faabe3ad350a91e0b8cdf49ada6b375a741cf53e5?s=96&d=mm&r=g","caption":"Junior Geo"},"url":"https:\/\/professorjuniorgeo.com.br\/inicio\/blog\/author\/juniorgeo\/"}]}},"_links":{"self":[{"href":"https:\/\/professorjuniorgeo.com.br\/inicio\/blog\/wp-json\/wp\/v2\/posts\/860","targetHints":{"allow":["GET"]}}],"collection":[{"href":"https:\/\/professorjuniorgeo.com.br\/inicio\/blog\/wp-json\/wp\/v2\/posts"}],"about":[{"href":"https:\/\/professorjuniorgeo.com.br\/inicio\/blog\/wp-json\/wp\/v2\/types\/post"}],"author":[{"embeddable":true,"href":"https:\/\/professorjuniorgeo.com.br\/inicio\/blog\/wp-json\/wp\/v2\/users\/3"}],"replies":[{"embeddable":true,"href":"https:\/\/professorjuniorgeo.com.br\/inicio\/blog\/wp-json\/wp\/v2\/comments?post=860"}],"version-history":[{"count":0,"href":"https:\/\/professorjuniorgeo.com.br\/inicio\/blog\/wp-json\/wp\/v2\/posts\/860\/revisions"}],"wp:featuredmedia":[{"embeddable":true,"href":"https:\/\/professorjuniorgeo.com.br\/inicio\/blog\/wp-json\/"}],"wp:attachment":[{"href":"https:\/\/professorjuniorgeo.com.br\/inicio\/blog\/wp-json\/wp\/v2\/media?parent=860"}],"wp:term":[{"taxonomy":"category","embeddable":true,"href":"https:\/\/professorjuniorgeo.com.br\/inicio\/blog\/wp-json\/wp\/v2\/categories?post=860"},{"taxonomy":"post_tag","embeddable":true,"href":"https:\/\/professorjuniorgeo.com.br\/inicio\/blog\/wp-json\/wp\/v2\/tags?post=860"}],"curies":[{"name":"wp","href":"https:\/\/api.w.org\/{rel}","templated":true}]}}