{"id":870,"date":"2015-10-13T13:17:57","date_gmt":"2015-10-13T16:17:57","guid":{"rendered":"http:\/\/professorjuniorgeo.com.br\/portal\/?p=870"},"modified":"2015-10-13T13:17:57","modified_gmt":"2015-10-13T16:17:57","slug":"vereador-junior-geo-defende-professores-e-fala-em-atos-de-terrorismo-praticados-pelo-executivo","status":"publish","type":"post","link":"https:\/\/professorjuniorgeo.com.br\/inicio\/blog\/2015\/10\/13\/vereador-junior-geo-defende-professores-e-fala-em-atos-de-terrorismo-praticados-pelo-executivo\/","title":{"rendered":"Vereador Junior Geo defende professores e fala em atos de terrorismo praticados pelo Executivo"},"content":{"rendered":"<p><em>Em reuni\u00e3o com a categoria e demais parlamentares da C\u00e2mara de Palmas, Geo levou para a pauta relatos de professores sobre eventuais atos coercitivos praticados pela gest\u00e3o<\/em><\/p>\n<p><em>\u00a0<\/em><em>Por Camylla Costa<\/em><\/p>\n<p>A falta de propostas e di\u00e1logo coerente foram apontados pelo vereador professor J\u00fanior Geo como a causa da continuidade da greve dos professores da rede municipal de ensino, decidida na manh\u00e3 desta ter\u00e7a-feira, 13, em assembleia, no Rancho Bahia. O ponto de vista do parlamentar foi apresentado durante reuni\u00e3o com representantes do Sindicato dos Trabalhadores em Educa\u00e7\u00e3o do Tocantins (Sintet) na C\u00e2mara Municipal de Palmas, motivada por uma ocupa\u00e7\u00e3o da categoria na Casa de Leis.<\/p>\n<p>\u201cO Executivo Municipal n\u00e3o apresentou propostas coerentes, inviabilizando a negocia\u00e7\u00e3o com os professores do munic\u00edpio. O preju\u00edzo da greve n\u00e3o \u00e9 apenas a falta de aulas, que \u00e9 um problema moment\u00e2neo. Haver\u00e1 preju\u00edzo sim e muito maior, em longo prazo, caso os problemas estruturais n\u00e3o sejam sanados\u201d, afirmou o vereador.<\/p>\n<p>Na ocasi\u00e3o, Geo observou tamb\u00e9m que existe nos atos da gest\u00e3o municipal uma tentativa de terrorismo. Para ele, as propagandas, divulgadas na m\u00eddia, amea\u00e7as de corte de ponto feitas pelo WhatsApp &#8211; relatadas pelos professores &#8211; s\u00e3o falaciosas e coercitivas, al\u00e9m de visarem colocar a popula\u00e7\u00e3o palmense contra a categoria, inibindo assim o movimento.<\/p>\n<p>De acordo com o assessor jur\u00eddico do Sintet, Silv\u00e2nio Mota, a liminar que prev\u00ea o corte de ponto, divulgada na \u00faltima quinta-feira, 08, n\u00e3o chegou oficialmente a eles. \u201cContinuaremos com a greve, porque sequer fomos notificados oficialmente sobre nenhuma decis\u00e3o judicial. O que sabemos \u00e9 que por meio de redes sociais e na imprensa o Poder P\u00fablico distribuiu, para amedrontar os professores, uma decis\u00e3o liminar de uma desembargadora. Legalmente, n\u00e3o temos porque parar\u201d, explicou.<\/p>\n<p><strong>Di\u00e1logo com vereadores<\/strong><\/p>\n<p>Para buscar di\u00e1logo com os vereadores da C\u00e2mara de Palmas, os professores da rede municipal ocuparam a Casa de Leis na manh\u00e3 desta ter\u00e7a. Em reuni\u00e3o com alguns representantes da classe, os parlamentares levantaram sugest\u00f5es para ajud\u00e1-los na negocia\u00e7\u00e3o com o Executivo.<\/p>\n<p>Na oportunidade, a professora Dalvanir Oliveira, contou um pouco de sua rotina em sala de aula e refor\u00e7ou a necessidade da media\u00e7\u00e3o da C\u00e2mara. \u201cN\u00f3s j\u00e1 estivemos aqui, estamos falando h\u00e1 muito tempo sobre estes pontos de pauta. Precisamos de ajuda! Eu sou a \u00fanica professora em uma sala de aula de 35 alunos com cerca de dois anos. \u00c9 cansativo para mim e prec\u00e1rio para as crian\u00e7as\u201d, destacou.<\/p>\n<p>&nbsp;<\/p>\n<p>&nbsp;<\/p>\n<p>&nbsp;<\/p>\n<p>&nbsp;<\/p>\n","protected":false},"excerpt":{"rendered":"<p>Em reuni\u00e3o com a categoria e demais parlamentares da C\u00e2mara de Palmas, Geo levou para a pauta relatos de professores sobre eventuais atos coercitivos praticados pela gest\u00e3o \u00a0Por Camylla Costa A falta de propostas e di\u00e1logo coerente foram apontados pelo vereador professor J\u00fanior Geo como a causa da continuidade da greve dos professores da rede [&hellip;]<\/p>\n","protected":false},"author":3,"featured_media":871,"comment_status":"open","ping_status":"open","sticky":false,"template":"","format":"standard","meta":{"ngg_post_thumbnail":0,"footnotes":"","_links_to":"","_links_to_target":""},"categories":[23],"tags":[],"class_list":{"0":"post-870","1":"post","2":"type-post","3":"status-publish","4":"format-standard","5":"has-post-thumbnail","7":"category-noticias"},"yoast_head":"<!-- This site is optimized with the Yoast SEO plugin v27.2 - https:\/\/yoast.com\/product\/yoast-seo-wordpress\/ -->\n<title>Vereador Junior Geo defende professores e fala em atos de terrorismo praticados pelo Executivo - Junior Geo<\/title>\n<meta name=\"robots\" content=\"index, follow, max-snippet:-1, max-image-preview:large, max-video-preview:-1\" \/>\n<link rel=\"canonical\" href=\"https:\/\/professorjuniorgeo.com.br\/inicio\/blog\/2015\/10\/13\/vereador-junior-geo-defende-professores-e-fala-em-atos-de-terrorismo-praticados-pelo-executivo\/\" \/>\n<meta property=\"og:locale\" content=\"pt_PT\" \/>\n<meta property=\"og:type\" content=\"article\" \/>\n<meta property=\"og:title\" content=\"Vereador Junior Geo defende professores e fala em atos de terrorismo praticados pelo Executivo - Junior Geo\" \/>\n<meta property=\"og:description\" content=\"Em reuni\u00e3o com a categoria e demais parlamentares da C\u00e2mara de Palmas, Geo levou para a pauta relatos de professores sobre eventuais atos coercitivos praticados pela gest\u00e3o \u00a0Por Camylla Costa A falta de propostas e di\u00e1logo coerente foram apontados pelo vereador professor J\u00fanior Geo como a causa da continuidade da greve dos professores da rede [&hellip;]\" \/>\n<meta property=\"og:url\" content=\"https:\/\/professorjuniorgeo.com.br\/inicio\/blog\/2015\/10\/13\/vereador-junior-geo-defende-professores-e-fala-em-atos-de-terrorismo-praticados-pelo-executivo\/\" \/>\n<meta property=\"og:site_name\" content=\"Junior Geo\" \/>\n<meta property=\"article:published_time\" content=\"2015-10-13T16:17:57+00:00\" \/>\n<meta property=\"og:image\" content=\"https:\/\/professorjuniorgeo.com.br\/inicio\/blog\/wp-content\/uploads\/2015\/10\/IMG_4973-scaled.jpg\" \/>\n\t<meta property=\"og:image:width\" content=\"2560\" \/>\n\t<meta property=\"og:image:height\" content=\"1707\" \/>\n\t<meta property=\"og:image:type\" content=\"image\/jpeg\" \/>\n<meta name=\"author\" content=\"Junior Geo\" \/>\n<meta name=\"twitter:card\" content=\"summary_large_image\" \/>\n<meta name=\"twitter:creator\" content=\"@prof_juniorgeo\" \/>\n<meta name=\"twitter:site\" content=\"@prof_juniorgeo\" \/>\n<meta name=\"twitter:label1\" content=\"Written by\" \/>\n\t<meta name=\"twitter:data1\" content=\"Junior Geo\" \/>\n\t<meta name=\"twitter:label2\" content=\"Est. reading time\" \/>\n\t<meta name=\"twitter:data2\" content=\"2 minutos\" \/>\n<script type=\"application\/ld+json\" class=\"yoast-schema-graph\">{\"@context\":\"https:\/\/schema.org\",\"@graph\":[{\"@type\":\"Article\",\"@id\":\"https:\/\/professorjuniorgeo.com.br\/inicio\/blog\/2015\/10\/13\/vereador-junior-geo-defende-professores-e-fala-em-atos-de-terrorismo-praticados-pelo-executivo\/#article\",\"isPartOf\":{\"@id\":\"https:\/\/professorjuniorgeo.com.br\/inicio\/blog\/2015\/10\/13\/vereador-junior-geo-defende-professores-e-fala-em-atos-de-terrorismo-praticados-pelo-executivo\/\"},\"author\":{\"name\":\"Junior Geo\",\"@id\":\"https:\/\/professorjuniorgeo.com.br\/inicio\/blog\/#\/schema\/person\/b410d99e2a067c5581355dacd1508d03\"},\"headline\":\"Vereador Junior Geo defende professores e fala em atos de terrorismo praticados pelo Executivo\",\"datePublished\":\"2015-10-13T16:17:57+00:00\",\"mainEntityOfPage\":{\"@id\":\"https:\/\/professorjuniorgeo.com.br\/inicio\/blog\/2015\/10\/13\/vereador-junior-geo-defende-professores-e-fala-em-atos-de-terrorismo-praticados-pelo-executivo\/\"},\"wordCount\":455,\"commentCount\":0,\"publisher\":{\"@id\":\"https:\/\/professorjuniorgeo.com.br\/inicio\/blog\/#organization\"},\"image\":{\"@id\":\"https:\/\/professorjuniorgeo.com.br\/inicio\/blog\/2015\/10\/13\/vereador-junior-geo-defende-professores-e-fala-em-atos-de-terrorismo-praticados-pelo-executivo\/#primaryimage\"},\"thumbnailUrl\":\"https:\/\/professorjuniorgeo.com.br\/inicio\/blog\/wp-content\/uploads\/2015\/10\/IMG_4973-scaled.jpg\",\"articleSection\":[\"Not\u00edcias\"],\"inLanguage\":\"pt-PT\",\"potentialAction\":[{\"@type\":\"CommentAction\",\"name\":\"Comment\",\"target\":[\"https:\/\/professorjuniorgeo.com.br\/inicio\/blog\/2015\/10\/13\/vereador-junior-geo-defende-professores-e-fala-em-atos-de-terrorismo-praticados-pelo-executivo\/#respond\"]}]},{\"@type\":\"WebPage\",\"@id\":\"https:\/\/professorjuniorgeo.com.br\/inicio\/blog\/2015\/10\/13\/vereador-junior-geo-defende-professores-e-fala-em-atos-de-terrorismo-praticados-pelo-executivo\/\",\"url\":\"https:\/\/professorjuniorgeo.com.br\/inicio\/blog\/2015\/10\/13\/vereador-junior-geo-defende-professores-e-fala-em-atos-de-terrorismo-praticados-pelo-executivo\/\",\"name\":\"Vereador Junior Geo defende professores e fala em atos de terrorismo praticados pelo Executivo - Junior Geo\",\"isPartOf\":{\"@id\":\"https:\/\/professorjuniorgeo.com.br\/inicio\/blog\/#website\"},\"primaryImageOfPage\":{\"@id\":\"https:\/\/professorjuniorgeo.com.br\/inicio\/blog\/2015\/10\/13\/vereador-junior-geo-defende-professores-e-fala-em-atos-de-terrorismo-praticados-pelo-executivo\/#primaryimage\"},\"image\":{\"@id\":\"https:\/\/professorjuniorgeo.com.br\/inicio\/blog\/2015\/10\/13\/vereador-junior-geo-defende-professores-e-fala-em-atos-de-terrorismo-praticados-pelo-executivo\/#primaryimage\"},\"thumbnailUrl\":\"https:\/\/professorjuniorgeo.com.br\/inicio\/blog\/wp-content\/uploads\/2015\/10\/IMG_4973-scaled.jpg\",\"datePublished\":\"2015-10-13T16:17:57+00:00\",\"breadcrumb\":{\"@id\":\"https:\/\/professorjuniorgeo.com.br\/inicio\/blog\/2015\/10\/13\/vereador-junior-geo-defende-professores-e-fala-em-atos-de-terrorismo-praticados-pelo-executivo\/#breadcrumb\"},\"inLanguage\":\"pt-PT\",\"potentialAction\":[{\"@type\":\"ReadAction\",\"target\":[\"https:\/\/professorjuniorgeo.com.br\/inicio\/blog\/2015\/10\/13\/vereador-junior-geo-defende-professores-e-fala-em-atos-de-terrorismo-praticados-pelo-executivo\/\"]}]},{\"@type\":\"ImageObject\",\"inLanguage\":\"pt-PT\",\"@id\":\"https:\/\/professorjuniorgeo.com.br\/inicio\/blog\/2015\/10\/13\/vereador-junior-geo-defende-professores-e-fala-em-atos-de-terrorismo-praticados-pelo-executivo\/#primaryimage\",\"url\":\"https:\/\/professorjuniorgeo.com.br\/inicio\/blog\/wp-content\/uploads\/2015\/10\/IMG_4973-scaled.jpg\",\"contentUrl\":\"https:\/\/professorjuniorgeo.com.br\/inicio\/blog\/wp-content\/uploads\/2015\/10\/IMG_4973-scaled.jpg\",\"width\":2560,\"height\":1707,\"caption\":\"Foto: Gabriela Melo\"},{\"@type\":\"BreadcrumbList\",\"@id\":\"https:\/\/professorjuniorgeo.com.br\/inicio\/blog\/2015\/10\/13\/vereador-junior-geo-defende-professores-e-fala-em-atos-de-terrorismo-praticados-pelo-executivo\/#breadcrumb\",\"itemListElement\":[{\"@type\":\"ListItem\",\"position\":1,\"name\":\"Home\",\"item\":\"https:\/\/professorjuniorgeo.com.br\/inicio\/blog\/\"},{\"@type\":\"ListItem\",\"position\":2,\"name\":\"Vereador Junior Geo defende professores e fala em atos de terrorismo praticados pelo Executivo\"}]},{\"@type\":\"WebSite\",\"@id\":\"https:\/\/professorjuniorgeo.com.br\/inicio\/blog\/#website\",\"url\":\"https:\/\/professorjuniorgeo.com.br\/inicio\/blog\/\",\"name\":\"Junior Geo Deputado Estadual\",\"description\":\"Professor Junior Geo\",\"publisher\":{\"@id\":\"https:\/\/professorjuniorgeo.com.br\/inicio\/blog\/#organization\"},\"potentialAction\":[{\"@type\":\"SearchAction\",\"target\":{\"@type\":\"EntryPoint\",\"urlTemplate\":\"https:\/\/professorjuniorgeo.com.br\/inicio\/blog\/?s={search_term_string}\"},\"query-input\":{\"@type\":\"PropertyValueSpecification\",\"valueRequired\":true,\"valueName\":\"search_term_string\"}}],\"inLanguage\":\"pt-PT\"},{\"@type\":\"Organization\",\"@id\":\"https:\/\/professorjuniorgeo.com.br\/inicio\/blog\/#organization\",\"name\":\"Junior Geo Deputado Estadual\",\"url\":\"https:\/\/professorjuniorgeo.com.br\/inicio\/blog\/\",\"logo\":{\"@type\":\"ImageObject\",\"inLanguage\":\"pt-PT\",\"@id\":\"https:\/\/professorjuniorgeo.com.br\/inicio\/blog\/#\/schema\/logo\/image\/\",\"url\":\"https:\/\/professorjuniorgeo.com.br\/inicio\/blog\/wp-content\/uploads\/2023\/02\/cropped-logo.png\",\"contentUrl\":\"https:\/\/professorjuniorgeo.com.br\/inicio\/blog\/wp-content\/uploads\/2023\/02\/cropped-logo.png\",\"width\":1736,\"height\":416,\"caption\":\"Junior Geo Deputado Estadual\"},\"image\":{\"@id\":\"https:\/\/professorjuniorgeo.com.br\/inicio\/blog\/#\/schema\/logo\/image\/\"},\"sameAs\":[\"https:\/\/x.com\/prof_juniorgeo\",\"https:\/\/www.instagram.com\/prof_juniorgeo\/\"]},{\"@type\":\"Person\",\"@id\":\"https:\/\/professorjuniorgeo.com.br\/inicio\/blog\/#\/schema\/person\/b410d99e2a067c5581355dacd1508d03\",\"name\":\"Junior Geo\",\"image\":{\"@type\":\"ImageObject\",\"inLanguage\":\"pt-PT\",\"@id\":\"https:\/\/secure.gravatar.com\/avatar\/4a183b8fe59449f23caec60faabe3ad350a91e0b8cdf49ada6b375a741cf53e5?s=96&d=mm&r=g\",\"url\":\"https:\/\/secure.gravatar.com\/avatar\/4a183b8fe59449f23caec60faabe3ad350a91e0b8cdf49ada6b375a741cf53e5?s=96&d=mm&r=g\",\"contentUrl\":\"https:\/\/secure.gravatar.com\/avatar\/4a183b8fe59449f23caec60faabe3ad350a91e0b8cdf49ada6b375a741cf53e5?s=96&d=mm&r=g\",\"caption\":\"Junior Geo\"},\"url\":\"https:\/\/professorjuniorgeo.com.br\/inicio\/blog\/author\/juniorgeo\/\"}]}<\/script>\n<!-- \/ Yoast SEO plugin. -->","yoast_head_json":{"title":"Vereador Junior Geo defende professores e fala em atos de terrorismo praticados pelo Executivo - Junior Geo","robots":{"index":"index","follow":"follow","max-snippet":"max-snippet:-1","max-image-preview":"max-image-preview:large","max-video-preview":"max-video-preview:-1"},"canonical":"https:\/\/professorjuniorgeo.com.br\/inicio\/blog\/2015\/10\/13\/vereador-junior-geo-defende-professores-e-fala-em-atos-de-terrorismo-praticados-pelo-executivo\/","og_locale":"pt_PT","og_type":"article","og_title":"Vereador Junior Geo defende professores e fala em atos de terrorismo praticados pelo Executivo - Junior Geo","og_description":"Em reuni\u00e3o com a categoria e demais parlamentares da C\u00e2mara de Palmas, Geo levou para a pauta relatos de professores sobre eventuais atos coercitivos praticados pela gest\u00e3o \u00a0Por Camylla Costa A falta de propostas e di\u00e1logo coerente foram apontados pelo vereador professor J\u00fanior Geo como a causa da continuidade da greve dos professores da rede [&hellip;]","og_url":"https:\/\/professorjuniorgeo.com.br\/inicio\/blog\/2015\/10\/13\/vereador-junior-geo-defende-professores-e-fala-em-atos-de-terrorismo-praticados-pelo-executivo\/","og_site_name":"Junior Geo","article_published_time":"2015-10-13T16:17:57+00:00","og_image":[{"width":2560,"height":1707,"url":"https:\/\/professorjuniorgeo.com.br\/inicio\/blog\/wp-content\/uploads\/2015\/10\/IMG_4973-scaled.jpg","type":"image\/jpeg"}],"author":"Junior Geo","twitter_card":"summary_large_image","twitter_creator":"@prof_juniorgeo","twitter_site":"@prof_juniorgeo","twitter_misc":{"Written by":"Junior Geo","Est. reading time":"2 minutos"},"schema":{"@context":"https:\/\/schema.org","@graph":[{"@type":"Article","@id":"https:\/\/professorjuniorgeo.com.br\/inicio\/blog\/2015\/10\/13\/vereador-junior-geo-defende-professores-e-fala-em-atos-de-terrorismo-praticados-pelo-executivo\/#article","isPartOf":{"@id":"https:\/\/professorjuniorgeo.com.br\/inicio\/blog\/2015\/10\/13\/vereador-junior-geo-defende-professores-e-fala-em-atos-de-terrorismo-praticados-pelo-executivo\/"},"author":{"name":"Junior Geo","@id":"https:\/\/professorjuniorgeo.com.br\/inicio\/blog\/#\/schema\/person\/b410d99e2a067c5581355dacd1508d03"},"headline":"Vereador Junior Geo defende professores e fala em atos de terrorismo praticados pelo Executivo","datePublished":"2015-10-13T16:17:57+00:00","mainEntityOfPage":{"@id":"https:\/\/professorjuniorgeo.com.br\/inicio\/blog\/2015\/10\/13\/vereador-junior-geo-defende-professores-e-fala-em-atos-de-terrorismo-praticados-pelo-executivo\/"},"wordCount":455,"commentCount":0,"publisher":{"@id":"https:\/\/professorjuniorgeo.com.br\/inicio\/blog\/#organization"},"image":{"@id":"https:\/\/professorjuniorgeo.com.br\/inicio\/blog\/2015\/10\/13\/vereador-junior-geo-defende-professores-e-fala-em-atos-de-terrorismo-praticados-pelo-executivo\/#primaryimage"},"thumbnailUrl":"https:\/\/professorjuniorgeo.com.br\/inicio\/blog\/wp-content\/uploads\/2015\/10\/IMG_4973-scaled.jpg","articleSection":["Not\u00edcias"],"inLanguage":"pt-PT","potentialAction":[{"@type":"CommentAction","name":"Comment","target":["https:\/\/professorjuniorgeo.com.br\/inicio\/blog\/2015\/10\/13\/vereador-junior-geo-defende-professores-e-fala-em-atos-de-terrorismo-praticados-pelo-executivo\/#respond"]}]},{"@type":"WebPage","@id":"https:\/\/professorjuniorgeo.com.br\/inicio\/blog\/2015\/10\/13\/vereador-junior-geo-defende-professores-e-fala-em-atos-de-terrorismo-praticados-pelo-executivo\/","url":"https:\/\/professorjuniorgeo.com.br\/inicio\/blog\/2015\/10\/13\/vereador-junior-geo-defende-professores-e-fala-em-atos-de-terrorismo-praticados-pelo-executivo\/","name":"Vereador Junior Geo defende professores e fala em atos de terrorismo praticados pelo Executivo - Junior Geo","isPartOf":{"@id":"https:\/\/professorjuniorgeo.com.br\/inicio\/blog\/#website"},"primaryImageOfPage":{"@id":"https:\/\/professorjuniorgeo.com.br\/inicio\/blog\/2015\/10\/13\/vereador-junior-geo-defende-professores-e-fala-em-atos-de-terrorismo-praticados-pelo-executivo\/#primaryimage"},"image":{"@id":"https:\/\/professorjuniorgeo.com.br\/inicio\/blog\/2015\/10\/13\/vereador-junior-geo-defende-professores-e-fala-em-atos-de-terrorismo-praticados-pelo-executivo\/#primaryimage"},"thumbnailUrl":"https:\/\/professorjuniorgeo.com.br\/inicio\/blog\/wp-content\/uploads\/2015\/10\/IMG_4973-scaled.jpg","datePublished":"2015-10-13T16:17:57+00:00","breadcrumb":{"@id":"https:\/\/professorjuniorgeo.com.br\/inicio\/blog\/2015\/10\/13\/vereador-junior-geo-defende-professores-e-fala-em-atos-de-terrorismo-praticados-pelo-executivo\/#breadcrumb"},"inLanguage":"pt-PT","potentialAction":[{"@type":"ReadAction","target":["https:\/\/professorjuniorgeo.com.br\/inicio\/blog\/2015\/10\/13\/vereador-junior-geo-defende-professores-e-fala-em-atos-de-terrorismo-praticados-pelo-executivo\/"]}]},{"@type":"ImageObject","inLanguage":"pt-PT","@id":"https:\/\/professorjuniorgeo.com.br\/inicio\/blog\/2015\/10\/13\/vereador-junior-geo-defende-professores-e-fala-em-atos-de-terrorismo-praticados-pelo-executivo\/#primaryimage","url":"https:\/\/professorjuniorgeo.com.br\/inicio\/blog\/wp-content\/uploads\/2015\/10\/IMG_4973-scaled.jpg","contentUrl":"https:\/\/professorjuniorgeo.com.br\/inicio\/blog\/wp-content\/uploads\/2015\/10\/IMG_4973-scaled.jpg","width":2560,"height":1707,"caption":"Foto: Gabriela Melo"},{"@type":"BreadcrumbList","@id":"https:\/\/professorjuniorgeo.com.br\/inicio\/blog\/2015\/10\/13\/vereador-junior-geo-defende-professores-e-fala-em-atos-de-terrorismo-praticados-pelo-executivo\/#breadcrumb","itemListElement":[{"@type":"ListItem","position":1,"name":"Home","item":"https:\/\/professorjuniorgeo.com.br\/inicio\/blog\/"},{"@type":"ListItem","position":2,"name":"Vereador Junior Geo defende professores e fala em atos de terrorismo praticados pelo Executivo"}]},{"@type":"WebSite","@id":"https:\/\/professorjuniorgeo.com.br\/inicio\/blog\/#website","url":"https:\/\/professorjuniorgeo.com.br\/inicio\/blog\/","name":"Junior Geo Deputado Estadual","description":"Professor Junior Geo","publisher":{"@id":"https:\/\/professorjuniorgeo.com.br\/inicio\/blog\/#organization"},"potentialAction":[{"@type":"SearchAction","target":{"@type":"EntryPoint","urlTemplate":"https:\/\/professorjuniorgeo.com.br\/inicio\/blog\/?s={search_term_string}"},"query-input":{"@type":"PropertyValueSpecification","valueRequired":true,"valueName":"search_term_string"}}],"inLanguage":"pt-PT"},{"@type":"Organization","@id":"https:\/\/professorjuniorgeo.com.br\/inicio\/blog\/#organization","name":"Junior Geo Deputado Estadual","url":"https:\/\/professorjuniorgeo.com.br\/inicio\/blog\/","logo":{"@type":"ImageObject","inLanguage":"pt-PT","@id":"https:\/\/professorjuniorgeo.com.br\/inicio\/blog\/#\/schema\/logo\/image\/","url":"https:\/\/professorjuniorgeo.com.br\/inicio\/blog\/wp-content\/uploads\/2023\/02\/cropped-logo.png","contentUrl":"https:\/\/professorjuniorgeo.com.br\/inicio\/blog\/wp-content\/uploads\/2023\/02\/cropped-logo.png","width":1736,"height":416,"caption":"Junior Geo Deputado Estadual"},"image":{"@id":"https:\/\/professorjuniorgeo.com.br\/inicio\/blog\/#\/schema\/logo\/image\/"},"sameAs":["https:\/\/x.com\/prof_juniorgeo","https:\/\/www.instagram.com\/prof_juniorgeo\/"]},{"@type":"Person","@id":"https:\/\/professorjuniorgeo.com.br\/inicio\/blog\/#\/schema\/person\/b410d99e2a067c5581355dacd1508d03","name":"Junior Geo","image":{"@type":"ImageObject","inLanguage":"pt-PT","@id":"https:\/\/secure.gravatar.com\/avatar\/4a183b8fe59449f23caec60faabe3ad350a91e0b8cdf49ada6b375a741cf53e5?s=96&d=mm&r=g","url":"https:\/\/secure.gravatar.com\/avatar\/4a183b8fe59449f23caec60faabe3ad350a91e0b8cdf49ada6b375a741cf53e5?s=96&d=mm&r=g","contentUrl":"https:\/\/secure.gravatar.com\/avatar\/4a183b8fe59449f23caec60faabe3ad350a91e0b8cdf49ada6b375a741cf53e5?s=96&d=mm&r=g","caption":"Junior Geo"},"url":"https:\/\/professorjuniorgeo.com.br\/inicio\/blog\/author\/juniorgeo\/"}]}},"_links":{"self":[{"href":"https:\/\/professorjuniorgeo.com.br\/inicio\/blog\/wp-json\/wp\/v2\/posts\/870","targetHints":{"allow":["GET"]}}],"collection":[{"href":"https:\/\/professorjuniorgeo.com.br\/inicio\/blog\/wp-json\/wp\/v2\/posts"}],"about":[{"href":"https:\/\/professorjuniorgeo.com.br\/inicio\/blog\/wp-json\/wp\/v2\/types\/post"}],"author":[{"embeddable":true,"href":"https:\/\/professorjuniorgeo.com.br\/inicio\/blog\/wp-json\/wp\/v2\/users\/3"}],"replies":[{"embeddable":true,"href":"https:\/\/professorjuniorgeo.com.br\/inicio\/blog\/wp-json\/wp\/v2\/comments?post=870"}],"version-history":[{"count":0,"href":"https:\/\/professorjuniorgeo.com.br\/inicio\/blog\/wp-json\/wp\/v2\/posts\/870\/revisions"}],"wp:featuredmedia":[{"embeddable":true,"href":"https:\/\/professorjuniorgeo.com.br\/inicio\/blog\/wp-json\/wp\/v2\/media\/871"}],"wp:attachment":[{"href":"https:\/\/professorjuniorgeo.com.br\/inicio\/blog\/wp-json\/wp\/v2\/media?parent=870"}],"wp:term":[{"taxonomy":"category","embeddable":true,"href":"https:\/\/professorjuniorgeo.com.br\/inicio\/blog\/wp-json\/wp\/v2\/categories?post=870"},{"taxonomy":"post_tag","embeddable":true,"href":"https:\/\/professorjuniorgeo.com.br\/inicio\/blog\/wp-json\/wp\/v2\/tags?post=870"}],"curies":[{"name":"wp","href":"https:\/\/api.w.org\/{rel}","templated":true}]}}