{"id":883,"date":"2015-10-16T08:43:02","date_gmt":"2015-10-16T11:43:02","guid":{"rendered":"http:\/\/professorjuniorgeo.com.br\/portal\/?p=883"},"modified":"2015-10-16T08:43:02","modified_gmt":"2015-10-16T11:43:02","slug":"professor-junior-geo-participa-de-reuniao-que-discute-reivindicacoes-da-educacao-municipal-2","status":"publish","type":"post","link":"https:\/\/professorjuniorgeo.com.br\/inicio\/blog\/2015\/10\/16\/professor-junior-geo-participa-de-reuniao-que-discute-reivindicacoes-da-educacao-municipal-2\/","title":{"rendered":"Professor J\u00fanior Geo participa de reuni\u00e3o que discute reivindica\u00e7\u00f5es da educa\u00e7\u00e3o municipal"},"content":{"rendered":"<p style=\"text-align: center;\"><em>O vereador, que tem defendido os interesses da categoria, participou da reuni\u00e3o convocada pela Semed na manh\u00e3 de hoje<\/em><\/p>\n<p><em>Por Camylla Costa<\/em><\/p>\n<p>A fim de contribuir com as propostas do Executivo \u00e0s reivindica\u00e7\u00f5es dos professores do munic\u00edpio de Palmas, motivos da greve deflagrada na \u00faltima quarta, 07, o vereador professor J\u00fanior Geo participou da reuni\u00e3o, convocada pela Secretaria Municipal de Educa\u00e7\u00e3o (Semed), nesta quinta, 15. O parlamentar acompanha desde o in\u00edcio as necessidades e luta dos educadores da Capital.<\/p>\n<p>Para Geo, entre os pontos de pautas discutidos, a revoga\u00e7\u00e3o do Projeto Salas Integradas \u00e9 um dos mais importantes, sen\u00e3o o mais relevante. \u201cSou completamente a favor desta revoga\u00e7\u00e3o, pois o que existe atualmente n\u00e3o \u00e9 a contribui\u00e7\u00e3o dos monitores em sala de aula, e sim, a substitui\u00e7\u00e3o de professores por MDIs. Isto compromete e precariza a educa\u00e7\u00e3o e o futuro de milhares de crian\u00e7as\u201d, destacou.<\/p>\n<p>Tamb\u00e9m participaram da reuni\u00e3o, representantes do Sindicato dos Trabalhadores em Educa\u00e7\u00e3o do Tocantins (Sintet); secret\u00e1rio de Educa\u00e7\u00e3o Danilo Melo; secret\u00e1rio de Governo e Rela\u00e7\u00f5es Institucionais Adir Gentil; secret\u00e1rio de Planejamento, Gest\u00e3o e Desenvolvimento Humano Alan Barbiero; secret\u00e1rio de Integra\u00e7\u00e3o Social e Defesa do Consumidor Tiago Andrino; presidente do Conselho Municipal de Educa\u00e7\u00e3o Osvaldo Neto e os vereadores Rog\u00e9rio Freitas, Milton Neris, Waldson da Agesp e Jos\u00e9 do Lago Folha.<\/p>\n<p>&nbsp;<\/p>\n","protected":false},"excerpt":{"rendered":"<p>O vereador, que tem defendido os interesses da categoria, participou da reuni\u00e3o convocada pela Semed na manh\u00e3 de hoje Por Camylla Costa A fim de contribuir com as propostas do Executivo \u00e0s reivindica\u00e7\u00f5es dos professores do munic\u00edpio de Palmas, motivos da greve deflagrada na \u00faltima quarta, 07, o vereador professor J\u00fanior Geo participou da reuni\u00e3o, [&hellip;]<\/p>\n","protected":false},"author":3,"featured_media":881,"comment_status":"open","ping_status":"open","sticky":false,"template":"","format":"standard","meta":{"ngg_post_thumbnail":0,"footnotes":"","_links_to":"","_links_to_target":""},"categories":[23],"tags":[],"class_list":{"0":"post-883","1":"post","2":"type-post","3":"status-publish","4":"format-standard","5":"has-post-thumbnail","7":"category-noticias"},"yoast_head":"<!-- This site is optimized with the Yoast SEO plugin v27.2 - https:\/\/yoast.com\/product\/yoast-seo-wordpress\/ -->\n<title>Professor J\u00fanior Geo participa de reuni\u00e3o que discute reivindica\u00e7\u00f5es da educa\u00e7\u00e3o municipal - Junior Geo<\/title>\n<meta name=\"robots\" content=\"index, follow, max-snippet:-1, max-image-preview:large, max-video-preview:-1\" \/>\n<link rel=\"canonical\" href=\"https:\/\/professorjuniorgeo.com.br\/inicio\/blog\/2015\/10\/16\/professor-junior-geo-participa-de-reuniao-que-discute-reivindicacoes-da-educacao-municipal-2\/\" \/>\n<meta property=\"og:locale\" content=\"pt_PT\" \/>\n<meta property=\"og:type\" content=\"article\" \/>\n<meta property=\"og:title\" content=\"Professor J\u00fanior Geo participa de reuni\u00e3o que discute reivindica\u00e7\u00f5es da educa\u00e7\u00e3o municipal - Junior Geo\" \/>\n<meta property=\"og:description\" content=\"O vereador, que tem defendido os interesses da categoria, participou da reuni\u00e3o convocada pela Semed na manh\u00e3 de hoje Por Camylla Costa A fim de contribuir com as propostas do Executivo \u00e0s reivindica\u00e7\u00f5es dos professores do munic\u00edpio de Palmas, motivos da greve deflagrada na \u00faltima quarta, 07, o vereador professor J\u00fanior Geo participou da reuni\u00e3o, [&hellip;]\" \/>\n<meta property=\"og:url\" content=\"https:\/\/professorjuniorgeo.com.br\/inicio\/blog\/2015\/10\/16\/professor-junior-geo-participa-de-reuniao-que-discute-reivindicacoes-da-educacao-municipal-2\/\" \/>\n<meta property=\"og:site_name\" content=\"Junior Geo\" \/>\n<meta property=\"article:published_time\" content=\"2015-10-16T11:43:02+00:00\" \/>\n<meta name=\"author\" content=\"Junior Geo\" \/>\n<meta name=\"twitter:card\" content=\"summary_large_image\" \/>\n<meta name=\"twitter:creator\" content=\"@prof_juniorgeo\" \/>\n<meta name=\"twitter:site\" content=\"@prof_juniorgeo\" \/>\n<meta name=\"twitter:label1\" content=\"Written by\" \/>\n\t<meta name=\"twitter:data1\" content=\"Junior Geo\" \/>\n\t<meta name=\"twitter:label2\" content=\"Est. reading time\" \/>\n\t<meta name=\"twitter:data2\" content=\"1 minuto\" \/>\n<script type=\"application\/ld+json\" class=\"yoast-schema-graph\">{\"@context\":\"https:\/\/schema.org\",\"@graph\":[{\"@type\":\"Article\",\"@id\":\"https:\/\/professorjuniorgeo.com.br\/inicio\/blog\/2015\/10\/16\/professor-junior-geo-participa-de-reuniao-que-discute-reivindicacoes-da-educacao-municipal-2\/#article\",\"isPartOf\":{\"@id\":\"https:\/\/professorjuniorgeo.com.br\/inicio\/blog\/2015\/10\/16\/professor-junior-geo-participa-de-reuniao-que-discute-reivindicacoes-da-educacao-municipal-2\/\"},\"author\":{\"name\":\"Junior Geo\",\"@id\":\"https:\/\/professorjuniorgeo.com.br\/inicio\/blog\/#\/schema\/person\/b410d99e2a067c5581355dacd1508d03\"},\"headline\":\"Professor J\u00fanior Geo participa de reuni\u00e3o que discute reivindica\u00e7\u00f5es da educa\u00e7\u00e3o municipal\",\"datePublished\":\"2015-10-16T11:43:02+00:00\",\"mainEntityOfPage\":{\"@id\":\"https:\/\/professorjuniorgeo.com.br\/inicio\/blog\/2015\/10\/16\/professor-junior-geo-participa-de-reuniao-que-discute-reivindicacoes-da-educacao-municipal-2\/\"},\"wordCount\":255,\"commentCount\":0,\"publisher\":{\"@id\":\"https:\/\/professorjuniorgeo.com.br\/inicio\/blog\/#organization\"},\"image\":{\"@id\":\"https:\/\/professorjuniorgeo.com.br\/inicio\/blog\/2015\/10\/16\/professor-junior-geo-participa-de-reuniao-que-discute-reivindicacoes-da-educacao-municipal-2\/#primaryimage\"},\"thumbnailUrl\":\"\",\"articleSection\":[\"Not\u00edcias\"],\"inLanguage\":\"pt-PT\",\"potentialAction\":[{\"@type\":\"CommentAction\",\"name\":\"Comment\",\"target\":[\"https:\/\/professorjuniorgeo.com.br\/inicio\/blog\/2015\/10\/16\/professor-junior-geo-participa-de-reuniao-que-discute-reivindicacoes-da-educacao-municipal-2\/#respond\"]}]},{\"@type\":\"WebPage\",\"@id\":\"https:\/\/professorjuniorgeo.com.br\/inicio\/blog\/2015\/10\/16\/professor-junior-geo-participa-de-reuniao-que-discute-reivindicacoes-da-educacao-municipal-2\/\",\"url\":\"https:\/\/professorjuniorgeo.com.br\/inicio\/blog\/2015\/10\/16\/professor-junior-geo-participa-de-reuniao-que-discute-reivindicacoes-da-educacao-municipal-2\/\",\"name\":\"Professor J\u00fanior Geo participa de reuni\u00e3o que discute reivindica\u00e7\u00f5es da educa\u00e7\u00e3o municipal - Junior Geo\",\"isPartOf\":{\"@id\":\"https:\/\/professorjuniorgeo.com.br\/inicio\/blog\/#website\"},\"primaryImageOfPage\":{\"@id\":\"https:\/\/professorjuniorgeo.com.br\/inicio\/blog\/2015\/10\/16\/professor-junior-geo-participa-de-reuniao-que-discute-reivindicacoes-da-educacao-municipal-2\/#primaryimage\"},\"image\":{\"@id\":\"https:\/\/professorjuniorgeo.com.br\/inicio\/blog\/2015\/10\/16\/professor-junior-geo-participa-de-reuniao-que-discute-reivindicacoes-da-educacao-municipal-2\/#primaryimage\"},\"thumbnailUrl\":\"\",\"datePublished\":\"2015-10-16T11:43:02+00:00\",\"breadcrumb\":{\"@id\":\"https:\/\/professorjuniorgeo.com.br\/inicio\/blog\/2015\/10\/16\/professor-junior-geo-participa-de-reuniao-que-discute-reivindicacoes-da-educacao-municipal-2\/#breadcrumb\"},\"inLanguage\":\"pt-PT\",\"potentialAction\":[{\"@type\":\"ReadAction\",\"target\":[\"https:\/\/professorjuniorgeo.com.br\/inicio\/blog\/2015\/10\/16\/professor-junior-geo-participa-de-reuniao-que-discute-reivindicacoes-da-educacao-municipal-2\/\"]}]},{\"@type\":\"ImageObject\",\"inLanguage\":\"pt-PT\",\"@id\":\"https:\/\/professorjuniorgeo.com.br\/inicio\/blog\/2015\/10\/16\/professor-junior-geo-participa-de-reuniao-que-discute-reivindicacoes-da-educacao-municipal-2\/#primaryimage\",\"url\":\"\",\"contentUrl\":\"\"},{\"@type\":\"BreadcrumbList\",\"@id\":\"https:\/\/professorjuniorgeo.com.br\/inicio\/blog\/2015\/10\/16\/professor-junior-geo-participa-de-reuniao-que-discute-reivindicacoes-da-educacao-municipal-2\/#breadcrumb\",\"itemListElement\":[{\"@type\":\"ListItem\",\"position\":1,\"name\":\"Home\",\"item\":\"https:\/\/professorjuniorgeo.com.br\/inicio\/blog\/\"},{\"@type\":\"ListItem\",\"position\":2,\"name\":\"Professor J\u00fanior Geo participa de reuni\u00e3o que discute reivindica\u00e7\u00f5es da educa\u00e7\u00e3o municipal\"}]},{\"@type\":\"WebSite\",\"@id\":\"https:\/\/professorjuniorgeo.com.br\/inicio\/blog\/#website\",\"url\":\"https:\/\/professorjuniorgeo.com.br\/inicio\/blog\/\",\"name\":\"Junior Geo Deputado Estadual\",\"description\":\"Professor Junior Geo\",\"publisher\":{\"@id\":\"https:\/\/professorjuniorgeo.com.br\/inicio\/blog\/#organization\"},\"potentialAction\":[{\"@type\":\"SearchAction\",\"target\":{\"@type\":\"EntryPoint\",\"urlTemplate\":\"https:\/\/professorjuniorgeo.com.br\/inicio\/blog\/?s={search_term_string}\"},\"query-input\":{\"@type\":\"PropertyValueSpecification\",\"valueRequired\":true,\"valueName\":\"search_term_string\"}}],\"inLanguage\":\"pt-PT\"},{\"@type\":\"Organization\",\"@id\":\"https:\/\/professorjuniorgeo.com.br\/inicio\/blog\/#organization\",\"name\":\"Junior Geo Deputado Estadual\",\"url\":\"https:\/\/professorjuniorgeo.com.br\/inicio\/blog\/\",\"logo\":{\"@type\":\"ImageObject\",\"inLanguage\":\"pt-PT\",\"@id\":\"https:\/\/professorjuniorgeo.com.br\/inicio\/blog\/#\/schema\/logo\/image\/\",\"url\":\"https:\/\/professorjuniorgeo.com.br\/inicio\/blog\/wp-content\/uploads\/2023\/02\/cropped-logo.png\",\"contentUrl\":\"https:\/\/professorjuniorgeo.com.br\/inicio\/blog\/wp-content\/uploads\/2023\/02\/cropped-logo.png\",\"width\":1736,\"height\":416,\"caption\":\"Junior Geo Deputado Estadual\"},\"image\":{\"@id\":\"https:\/\/professorjuniorgeo.com.br\/inicio\/blog\/#\/schema\/logo\/image\/\"},\"sameAs\":[\"https:\/\/x.com\/prof_juniorgeo\",\"https:\/\/www.instagram.com\/prof_juniorgeo\/\"]},{\"@type\":\"Person\",\"@id\":\"https:\/\/professorjuniorgeo.com.br\/inicio\/blog\/#\/schema\/person\/b410d99e2a067c5581355dacd1508d03\",\"name\":\"Junior Geo\",\"image\":{\"@type\":\"ImageObject\",\"inLanguage\":\"pt-PT\",\"@id\":\"https:\/\/secure.gravatar.com\/avatar\/4a183b8fe59449f23caec60faabe3ad350a91e0b8cdf49ada6b375a741cf53e5?s=96&d=mm&r=g\",\"url\":\"https:\/\/secure.gravatar.com\/avatar\/4a183b8fe59449f23caec60faabe3ad350a91e0b8cdf49ada6b375a741cf53e5?s=96&d=mm&r=g\",\"contentUrl\":\"https:\/\/secure.gravatar.com\/avatar\/4a183b8fe59449f23caec60faabe3ad350a91e0b8cdf49ada6b375a741cf53e5?s=96&d=mm&r=g\",\"caption\":\"Junior Geo\"},\"url\":\"https:\/\/professorjuniorgeo.com.br\/inicio\/blog\/author\/juniorgeo\/\"}]}<\/script>\n<!-- \/ Yoast SEO plugin. -->","yoast_head_json":{"title":"Professor J\u00fanior Geo participa de reuni\u00e3o que discute reivindica\u00e7\u00f5es da educa\u00e7\u00e3o municipal - Junior Geo","robots":{"index":"index","follow":"follow","max-snippet":"max-snippet:-1","max-image-preview":"max-image-preview:large","max-video-preview":"max-video-preview:-1"},"canonical":"https:\/\/professorjuniorgeo.com.br\/inicio\/blog\/2015\/10\/16\/professor-junior-geo-participa-de-reuniao-que-discute-reivindicacoes-da-educacao-municipal-2\/","og_locale":"pt_PT","og_type":"article","og_title":"Professor J\u00fanior Geo participa de reuni\u00e3o que discute reivindica\u00e7\u00f5es da educa\u00e7\u00e3o municipal - Junior Geo","og_description":"O vereador, que tem defendido os interesses da categoria, participou da reuni\u00e3o convocada pela Semed na manh\u00e3 de hoje Por Camylla Costa A fim de contribuir com as propostas do Executivo \u00e0s reivindica\u00e7\u00f5es dos professores do munic\u00edpio de Palmas, motivos da greve deflagrada na \u00faltima quarta, 07, o vereador professor J\u00fanior Geo participou da reuni\u00e3o, [&hellip;]","og_url":"https:\/\/professorjuniorgeo.com.br\/inicio\/blog\/2015\/10\/16\/professor-junior-geo-participa-de-reuniao-que-discute-reivindicacoes-da-educacao-municipal-2\/","og_site_name":"Junior Geo","article_published_time":"2015-10-16T11:43:02+00:00","author":"Junior Geo","twitter_card":"summary_large_image","twitter_creator":"@prof_juniorgeo","twitter_site":"@prof_juniorgeo","twitter_misc":{"Written by":"Junior Geo","Est. reading time":"1 minuto"},"schema":{"@context":"https:\/\/schema.org","@graph":[{"@type":"Article","@id":"https:\/\/professorjuniorgeo.com.br\/inicio\/blog\/2015\/10\/16\/professor-junior-geo-participa-de-reuniao-que-discute-reivindicacoes-da-educacao-municipal-2\/#article","isPartOf":{"@id":"https:\/\/professorjuniorgeo.com.br\/inicio\/blog\/2015\/10\/16\/professor-junior-geo-participa-de-reuniao-que-discute-reivindicacoes-da-educacao-municipal-2\/"},"author":{"name":"Junior Geo","@id":"https:\/\/professorjuniorgeo.com.br\/inicio\/blog\/#\/schema\/person\/b410d99e2a067c5581355dacd1508d03"},"headline":"Professor J\u00fanior Geo participa de reuni\u00e3o que discute reivindica\u00e7\u00f5es da educa\u00e7\u00e3o municipal","datePublished":"2015-10-16T11:43:02+00:00","mainEntityOfPage":{"@id":"https:\/\/professorjuniorgeo.com.br\/inicio\/blog\/2015\/10\/16\/professor-junior-geo-participa-de-reuniao-que-discute-reivindicacoes-da-educacao-municipal-2\/"},"wordCount":255,"commentCount":0,"publisher":{"@id":"https:\/\/professorjuniorgeo.com.br\/inicio\/blog\/#organization"},"image":{"@id":"https:\/\/professorjuniorgeo.com.br\/inicio\/blog\/2015\/10\/16\/professor-junior-geo-participa-de-reuniao-que-discute-reivindicacoes-da-educacao-municipal-2\/#primaryimage"},"thumbnailUrl":"","articleSection":["Not\u00edcias"],"inLanguage":"pt-PT","potentialAction":[{"@type":"CommentAction","name":"Comment","target":["https:\/\/professorjuniorgeo.com.br\/inicio\/blog\/2015\/10\/16\/professor-junior-geo-participa-de-reuniao-que-discute-reivindicacoes-da-educacao-municipal-2\/#respond"]}]},{"@type":"WebPage","@id":"https:\/\/professorjuniorgeo.com.br\/inicio\/blog\/2015\/10\/16\/professor-junior-geo-participa-de-reuniao-que-discute-reivindicacoes-da-educacao-municipal-2\/","url":"https:\/\/professorjuniorgeo.com.br\/inicio\/blog\/2015\/10\/16\/professor-junior-geo-participa-de-reuniao-que-discute-reivindicacoes-da-educacao-municipal-2\/","name":"Professor J\u00fanior Geo participa de reuni\u00e3o que discute reivindica\u00e7\u00f5es da educa\u00e7\u00e3o municipal - Junior Geo","isPartOf":{"@id":"https:\/\/professorjuniorgeo.com.br\/inicio\/blog\/#website"},"primaryImageOfPage":{"@id":"https:\/\/professorjuniorgeo.com.br\/inicio\/blog\/2015\/10\/16\/professor-junior-geo-participa-de-reuniao-que-discute-reivindicacoes-da-educacao-municipal-2\/#primaryimage"},"image":{"@id":"https:\/\/professorjuniorgeo.com.br\/inicio\/blog\/2015\/10\/16\/professor-junior-geo-participa-de-reuniao-que-discute-reivindicacoes-da-educacao-municipal-2\/#primaryimage"},"thumbnailUrl":"","datePublished":"2015-10-16T11:43:02+00:00","breadcrumb":{"@id":"https:\/\/professorjuniorgeo.com.br\/inicio\/blog\/2015\/10\/16\/professor-junior-geo-participa-de-reuniao-que-discute-reivindicacoes-da-educacao-municipal-2\/#breadcrumb"},"inLanguage":"pt-PT","potentialAction":[{"@type":"ReadAction","target":["https:\/\/professorjuniorgeo.com.br\/inicio\/blog\/2015\/10\/16\/professor-junior-geo-participa-de-reuniao-que-discute-reivindicacoes-da-educacao-municipal-2\/"]}]},{"@type":"ImageObject","inLanguage":"pt-PT","@id":"https:\/\/professorjuniorgeo.com.br\/inicio\/blog\/2015\/10\/16\/professor-junior-geo-participa-de-reuniao-que-discute-reivindicacoes-da-educacao-municipal-2\/#primaryimage","url":"","contentUrl":""},{"@type":"BreadcrumbList","@id":"https:\/\/professorjuniorgeo.com.br\/inicio\/blog\/2015\/10\/16\/professor-junior-geo-participa-de-reuniao-que-discute-reivindicacoes-da-educacao-municipal-2\/#breadcrumb","itemListElement":[{"@type":"ListItem","position":1,"name":"Home","item":"https:\/\/professorjuniorgeo.com.br\/inicio\/blog\/"},{"@type":"ListItem","position":2,"name":"Professor J\u00fanior Geo participa de reuni\u00e3o que discute reivindica\u00e7\u00f5es da educa\u00e7\u00e3o municipal"}]},{"@type":"WebSite","@id":"https:\/\/professorjuniorgeo.com.br\/inicio\/blog\/#website","url":"https:\/\/professorjuniorgeo.com.br\/inicio\/blog\/","name":"Junior Geo Deputado Estadual","description":"Professor Junior Geo","publisher":{"@id":"https:\/\/professorjuniorgeo.com.br\/inicio\/blog\/#organization"},"potentialAction":[{"@type":"SearchAction","target":{"@type":"EntryPoint","urlTemplate":"https:\/\/professorjuniorgeo.com.br\/inicio\/blog\/?s={search_term_string}"},"query-input":{"@type":"PropertyValueSpecification","valueRequired":true,"valueName":"search_term_string"}}],"inLanguage":"pt-PT"},{"@type":"Organization","@id":"https:\/\/professorjuniorgeo.com.br\/inicio\/blog\/#organization","name":"Junior Geo Deputado Estadual","url":"https:\/\/professorjuniorgeo.com.br\/inicio\/blog\/","logo":{"@type":"ImageObject","inLanguage":"pt-PT","@id":"https:\/\/professorjuniorgeo.com.br\/inicio\/blog\/#\/schema\/logo\/image\/","url":"https:\/\/professorjuniorgeo.com.br\/inicio\/blog\/wp-content\/uploads\/2023\/02\/cropped-logo.png","contentUrl":"https:\/\/professorjuniorgeo.com.br\/inicio\/blog\/wp-content\/uploads\/2023\/02\/cropped-logo.png","width":1736,"height":416,"caption":"Junior Geo Deputado Estadual"},"image":{"@id":"https:\/\/professorjuniorgeo.com.br\/inicio\/blog\/#\/schema\/logo\/image\/"},"sameAs":["https:\/\/x.com\/prof_juniorgeo","https:\/\/www.instagram.com\/prof_juniorgeo\/"]},{"@type":"Person","@id":"https:\/\/professorjuniorgeo.com.br\/inicio\/blog\/#\/schema\/person\/b410d99e2a067c5581355dacd1508d03","name":"Junior Geo","image":{"@type":"ImageObject","inLanguage":"pt-PT","@id":"https:\/\/secure.gravatar.com\/avatar\/4a183b8fe59449f23caec60faabe3ad350a91e0b8cdf49ada6b375a741cf53e5?s=96&d=mm&r=g","url":"https:\/\/secure.gravatar.com\/avatar\/4a183b8fe59449f23caec60faabe3ad350a91e0b8cdf49ada6b375a741cf53e5?s=96&d=mm&r=g","contentUrl":"https:\/\/secure.gravatar.com\/avatar\/4a183b8fe59449f23caec60faabe3ad350a91e0b8cdf49ada6b375a741cf53e5?s=96&d=mm&r=g","caption":"Junior Geo"},"url":"https:\/\/professorjuniorgeo.com.br\/inicio\/blog\/author\/juniorgeo\/"}]}},"_links":{"self":[{"href":"https:\/\/professorjuniorgeo.com.br\/inicio\/blog\/wp-json\/wp\/v2\/posts\/883","targetHints":{"allow":["GET"]}}],"collection":[{"href":"https:\/\/professorjuniorgeo.com.br\/inicio\/blog\/wp-json\/wp\/v2\/posts"}],"about":[{"href":"https:\/\/professorjuniorgeo.com.br\/inicio\/blog\/wp-json\/wp\/v2\/types\/post"}],"author":[{"embeddable":true,"href":"https:\/\/professorjuniorgeo.com.br\/inicio\/blog\/wp-json\/wp\/v2\/users\/3"}],"replies":[{"embeddable":true,"href":"https:\/\/professorjuniorgeo.com.br\/inicio\/blog\/wp-json\/wp\/v2\/comments?post=883"}],"version-history":[{"count":0,"href":"https:\/\/professorjuniorgeo.com.br\/inicio\/blog\/wp-json\/wp\/v2\/posts\/883\/revisions"}],"wp:featuredmedia":[{"embeddable":true,"href":"https:\/\/professorjuniorgeo.com.br\/inicio\/blog\/wp-json\/"}],"wp:attachment":[{"href":"https:\/\/professorjuniorgeo.com.br\/inicio\/blog\/wp-json\/wp\/v2\/media?parent=883"}],"wp:term":[{"taxonomy":"category","embeddable":true,"href":"https:\/\/professorjuniorgeo.com.br\/inicio\/blog\/wp-json\/wp\/v2\/categories?post=883"},{"taxonomy":"post_tag","embeddable":true,"href":"https:\/\/professorjuniorgeo.com.br\/inicio\/blog\/wp-json\/wp\/v2\/tags?post=883"}],"curies":[{"name":"wp","href":"https:\/\/api.w.org\/{rel}","templated":true}]}}