{"id":889,"date":"2015-10-20T12:34:06","date_gmt":"2015-10-20T15:34:06","guid":{"rendered":"http:\/\/professorjuniorgeo.com.br\/portal\/?p=889"},"modified":"2015-10-20T12:34:06","modified_gmt":"2015-10-20T15:34:06","slug":"vereador-junior-geo-diz-que-merito-das-conquistas-da-greve-e-dos-professores-do-municipio","status":"publish","type":"post","link":"https:\/\/professorjuniorgeo.com.br\/inicio\/blog\/2015\/10\/20\/vereador-junior-geo-diz-que-merito-das-conquistas-da-greve-e-dos-professores-do-municipio\/","title":{"rendered":"Vereador J\u00fanior Geo diz que m\u00e9rito das conquistas da greve \u00e9 dos professores do munic\u00edpio"},"content":{"rendered":"<p style=\"text-align: center;\"><em>O parlamentar parabenizou a categoria na tribuna na manh\u00e3 desta ter\u00e7a, 20, pela persist\u00eancia e uni\u00e3o demonstradas no movimento<\/em><\/p>\n<p><em>Por Camylla Costa<\/em><\/p>\n<p>\u201cO m\u00e9rito das conquistas \u00e9 dos professores que lutaram e foram at\u00e9 coagidos, enquanto reivindicavam seus direitos e melhorias\u201d. Foi o que disse o vereador da C\u00e2mara de Palmas, professor J\u00fanior Geo, na tribuna durante a sess\u00e3o ordin\u00e1ria desta ter\u00e7a-feira, 20, sobre a greve na educa\u00e7\u00e3o municipal, encerrada hoje. Na ocasi\u00e3o, o parlamentar lembrou que a paralisa\u00e7\u00e3o dos educadores de Palmas s\u00f3 aconteceu devido \u00e0 intransig\u00eancia do Executivo.<\/p>\n<p>Ainda na oportunidade, Geo reafirmou seu compromisso com os professores e disse que os docentes s\u00e3o vitoriosos pelos resultados obtidos. \u201cConsiderem-se vencedores, mesmo que um dos principais objetivos, que \u00e9 a revoga\u00e7\u00e3o do Salas Integradas, ainda n\u00e3o tenha sido alcan\u00e7ado\u201d, destacou.<\/p>\n<p>De acordo com o parlamentar, o acordo fechado ontem entre prefeitura e educadores foi fruto da persist\u00eancia e uni\u00e3o demonstrada durante o movimento. \u201cVimos at\u00e9 um professor quase ser preso por lutar por seus direitos. As posturas da gest\u00e3o foram contr\u00e1rias \u00e0 democracia, mas mesmo assim os grevistas n\u00e3o desistiram\u201d, afirmou.<\/p>\n<p><strong>Entenda<\/strong><\/p>\n<p>A Prefeitura de Palmas pediu a pris\u00e3o de um representante do Sindicato dos Trabalhadores em Educa\u00e7\u00e3o do Tocantins (Sintet) no \u00faltimo dia 14. A solicita\u00e7\u00e3o justificava que 36.542 alunos estariam sem as instru\u00e7\u00f5es formais das aulas e sem as alimenta\u00e7\u00f5es di\u00e1rias (matutinas e vespertinas) fornecidas no ambiente escolar. Ainda no mesmo dia, a gest\u00e3o voltou atr\u00e1s e retificou o pedido.<\/p>\n<p><strong>Hist\u00f3rico da greve<\/strong><\/p>\n<p>O movimento dos professores do Munic\u00edpio de Palmas come\u00e7ou no \u00faltimo dia 07. A categoria fez panfleta\u00e7o e carreata nas ruas da Capital, al\u00e9m de uma ocupa\u00e7\u00e3o na C\u00e2mara dos vereadores. Na \u00faltima sexta, 16, representantes do Sintet e da gest\u00e3o reuniram-se para discutir as reivindica\u00e7\u00f5es e apresentar propostas. J\u00e1 no s\u00e1bado, 17 em assembleia geral, os docentes decidiram prosseguir com a greve at\u00e9 segunda, 19, e apresentar contrapropostas ao Executivo. Reunidos em assembleia novamente, ontem, a categoria negociou com a gest\u00e3o e decidiu pelo fim da greve, retornando \u00e0s salas de aula nesta ter\u00e7a, 20. Dentre os pontos de pauta, estava a revoga\u00e7\u00e3o do projeto Salas Integradas, revis\u00e3o da modula\u00e7\u00e3o e pagamento de 1\/3 de f\u00e9rias.<\/p>\n","protected":false},"excerpt":{"rendered":"<p>O parlamentar parabenizou a categoria na tribuna na manh\u00e3 desta ter\u00e7a, 20, pela persist\u00eancia e uni\u00e3o demonstradas no movimento Por Camylla Costa \u201cO m\u00e9rito das conquistas \u00e9 dos professores que lutaram e foram at\u00e9 coagidos, enquanto reivindicavam seus direitos e melhorias\u201d. Foi o que disse o vereador da C\u00e2mara de Palmas, professor J\u00fanior Geo, na [&hellip;]<\/p>\n","protected":false},"author":3,"featured_media":888,"comment_status":"open","ping_status":"open","sticky":false,"template":"","format":"standard","meta":{"ngg_post_thumbnail":0,"footnotes":"","_links_to":"","_links_to_target":""},"categories":[23],"tags":[],"class_list":{"0":"post-889","1":"post","2":"type-post","3":"status-publish","4":"format-standard","5":"has-post-thumbnail","7":"category-noticias"},"yoast_head":"<!-- This site is optimized with the Yoast SEO plugin v27.2 - https:\/\/yoast.com\/product\/yoast-seo-wordpress\/ -->\n<title>Vereador J\u00fanior Geo diz que m\u00e9rito das conquistas da greve \u00e9 dos professores do munic\u00edpio - Junior Geo<\/title>\n<meta name=\"robots\" content=\"index, follow, max-snippet:-1, max-image-preview:large, max-video-preview:-1\" \/>\n<link rel=\"canonical\" href=\"https:\/\/professorjuniorgeo.com.br\/inicio\/blog\/2015\/10\/20\/vereador-junior-geo-diz-que-merito-das-conquistas-da-greve-e-dos-professores-do-municipio\/\" \/>\n<meta property=\"og:locale\" content=\"pt_PT\" \/>\n<meta property=\"og:type\" content=\"article\" \/>\n<meta property=\"og:title\" content=\"Vereador J\u00fanior Geo diz que m\u00e9rito das conquistas da greve \u00e9 dos professores do munic\u00edpio - Junior Geo\" \/>\n<meta property=\"og:description\" content=\"O parlamentar parabenizou a categoria na tribuna na manh\u00e3 desta ter\u00e7a, 20, pela persist\u00eancia e uni\u00e3o demonstradas no movimento Por Camylla Costa \u201cO m\u00e9rito das conquistas \u00e9 dos professores que lutaram e foram at\u00e9 coagidos, enquanto reivindicavam seus direitos e melhorias\u201d. Foi o que disse o vereador da C\u00e2mara de Palmas, professor J\u00fanior Geo, na [&hellip;]\" \/>\n<meta property=\"og:url\" content=\"https:\/\/professorjuniorgeo.com.br\/inicio\/blog\/2015\/10\/20\/vereador-junior-geo-diz-que-merito-das-conquistas-da-greve-e-dos-professores-do-municipio\/\" \/>\n<meta property=\"og:site_name\" content=\"Junior Geo\" \/>\n<meta property=\"article:published_time\" content=\"2015-10-20T15:34:06+00:00\" \/>\n<meta name=\"author\" content=\"Junior Geo\" \/>\n<meta name=\"twitter:card\" content=\"summary_large_image\" \/>\n<meta name=\"twitter:creator\" content=\"@prof_juniorgeo\" \/>\n<meta name=\"twitter:site\" content=\"@prof_juniorgeo\" \/>\n<meta name=\"twitter:label1\" content=\"Written by\" \/>\n\t<meta name=\"twitter:data1\" content=\"Junior Geo\" \/>\n\t<meta name=\"twitter:label2\" content=\"Est. reading time\" \/>\n\t<meta name=\"twitter:data2\" content=\"2 minutos\" \/>\n<script type=\"application\/ld+json\" class=\"yoast-schema-graph\">{\"@context\":\"https:\/\/schema.org\",\"@graph\":[{\"@type\":\"Article\",\"@id\":\"https:\/\/professorjuniorgeo.com.br\/inicio\/blog\/2015\/10\/20\/vereador-junior-geo-diz-que-merito-das-conquistas-da-greve-e-dos-professores-do-municipio\/#article\",\"isPartOf\":{\"@id\":\"https:\/\/professorjuniorgeo.com.br\/inicio\/blog\/2015\/10\/20\/vereador-junior-geo-diz-que-merito-das-conquistas-da-greve-e-dos-professores-do-municipio\/\"},\"author\":{\"name\":\"Junior Geo\",\"@id\":\"https:\/\/professorjuniorgeo.com.br\/inicio\/blog\/#\/schema\/person\/b410d99e2a067c5581355dacd1508d03\"},\"headline\":\"Vereador J\u00fanior Geo diz que m\u00e9rito das conquistas da greve \u00e9 dos professores do munic\u00edpio\",\"datePublished\":\"2015-10-20T15:34:06+00:00\",\"mainEntityOfPage\":{\"@id\":\"https:\/\/professorjuniorgeo.com.br\/inicio\/blog\/2015\/10\/20\/vereador-junior-geo-diz-que-merito-das-conquistas-da-greve-e-dos-professores-do-municipio\/\"},\"wordCount\":412,\"commentCount\":0,\"publisher\":{\"@id\":\"https:\/\/professorjuniorgeo.com.br\/inicio\/blog\/#organization\"},\"image\":{\"@id\":\"https:\/\/professorjuniorgeo.com.br\/inicio\/blog\/2015\/10\/20\/vereador-junior-geo-diz-que-merito-das-conquistas-da-greve-e-dos-professores-do-municipio\/#primaryimage\"},\"thumbnailUrl\":\"\",\"articleSection\":[\"Not\u00edcias\"],\"inLanguage\":\"pt-PT\",\"potentialAction\":[{\"@type\":\"CommentAction\",\"name\":\"Comment\",\"target\":[\"https:\/\/professorjuniorgeo.com.br\/inicio\/blog\/2015\/10\/20\/vereador-junior-geo-diz-que-merito-das-conquistas-da-greve-e-dos-professores-do-municipio\/#respond\"]}]},{\"@type\":\"WebPage\",\"@id\":\"https:\/\/professorjuniorgeo.com.br\/inicio\/blog\/2015\/10\/20\/vereador-junior-geo-diz-que-merito-das-conquistas-da-greve-e-dos-professores-do-municipio\/\",\"url\":\"https:\/\/professorjuniorgeo.com.br\/inicio\/blog\/2015\/10\/20\/vereador-junior-geo-diz-que-merito-das-conquistas-da-greve-e-dos-professores-do-municipio\/\",\"name\":\"Vereador J\u00fanior Geo diz que m\u00e9rito das conquistas da greve \u00e9 dos professores do munic\u00edpio - Junior Geo\",\"isPartOf\":{\"@id\":\"https:\/\/professorjuniorgeo.com.br\/inicio\/blog\/#website\"},\"primaryImageOfPage\":{\"@id\":\"https:\/\/professorjuniorgeo.com.br\/inicio\/blog\/2015\/10\/20\/vereador-junior-geo-diz-que-merito-das-conquistas-da-greve-e-dos-professores-do-municipio\/#primaryimage\"},\"image\":{\"@id\":\"https:\/\/professorjuniorgeo.com.br\/inicio\/blog\/2015\/10\/20\/vereador-junior-geo-diz-que-merito-das-conquistas-da-greve-e-dos-professores-do-municipio\/#primaryimage\"},\"thumbnailUrl\":\"\",\"datePublished\":\"2015-10-20T15:34:06+00:00\",\"breadcrumb\":{\"@id\":\"https:\/\/professorjuniorgeo.com.br\/inicio\/blog\/2015\/10\/20\/vereador-junior-geo-diz-que-merito-das-conquistas-da-greve-e-dos-professores-do-municipio\/#breadcrumb\"},\"inLanguage\":\"pt-PT\",\"potentialAction\":[{\"@type\":\"ReadAction\",\"target\":[\"https:\/\/professorjuniorgeo.com.br\/inicio\/blog\/2015\/10\/20\/vereador-junior-geo-diz-que-merito-das-conquistas-da-greve-e-dos-professores-do-municipio\/\"]}]},{\"@type\":\"ImageObject\",\"inLanguage\":\"pt-PT\",\"@id\":\"https:\/\/professorjuniorgeo.com.br\/inicio\/blog\/2015\/10\/20\/vereador-junior-geo-diz-que-merito-das-conquistas-da-greve-e-dos-professores-do-municipio\/#primaryimage\",\"url\":\"\",\"contentUrl\":\"\"},{\"@type\":\"BreadcrumbList\",\"@id\":\"https:\/\/professorjuniorgeo.com.br\/inicio\/blog\/2015\/10\/20\/vereador-junior-geo-diz-que-merito-das-conquistas-da-greve-e-dos-professores-do-municipio\/#breadcrumb\",\"itemListElement\":[{\"@type\":\"ListItem\",\"position\":1,\"name\":\"Home\",\"item\":\"https:\/\/professorjuniorgeo.com.br\/inicio\/blog\/\"},{\"@type\":\"ListItem\",\"position\":2,\"name\":\"Vereador J\u00fanior Geo diz que m\u00e9rito das conquistas da greve \u00e9 dos professores do munic\u00edpio\"}]},{\"@type\":\"WebSite\",\"@id\":\"https:\/\/professorjuniorgeo.com.br\/inicio\/blog\/#website\",\"url\":\"https:\/\/professorjuniorgeo.com.br\/inicio\/blog\/\",\"name\":\"Junior Geo Deputado Estadual\",\"description\":\"Professor Junior Geo\",\"publisher\":{\"@id\":\"https:\/\/professorjuniorgeo.com.br\/inicio\/blog\/#organization\"},\"potentialAction\":[{\"@type\":\"SearchAction\",\"target\":{\"@type\":\"EntryPoint\",\"urlTemplate\":\"https:\/\/professorjuniorgeo.com.br\/inicio\/blog\/?s={search_term_string}\"},\"query-input\":{\"@type\":\"PropertyValueSpecification\",\"valueRequired\":true,\"valueName\":\"search_term_string\"}}],\"inLanguage\":\"pt-PT\"},{\"@type\":\"Organization\",\"@id\":\"https:\/\/professorjuniorgeo.com.br\/inicio\/blog\/#organization\",\"name\":\"Junior Geo Deputado Estadual\",\"url\":\"https:\/\/professorjuniorgeo.com.br\/inicio\/blog\/\",\"logo\":{\"@type\":\"ImageObject\",\"inLanguage\":\"pt-PT\",\"@id\":\"https:\/\/professorjuniorgeo.com.br\/inicio\/blog\/#\/schema\/logo\/image\/\",\"url\":\"https:\/\/professorjuniorgeo.com.br\/inicio\/blog\/wp-content\/uploads\/2023\/02\/cropped-logo.png\",\"contentUrl\":\"https:\/\/professorjuniorgeo.com.br\/inicio\/blog\/wp-content\/uploads\/2023\/02\/cropped-logo.png\",\"width\":1736,\"height\":416,\"caption\":\"Junior Geo Deputado Estadual\"},\"image\":{\"@id\":\"https:\/\/professorjuniorgeo.com.br\/inicio\/blog\/#\/schema\/logo\/image\/\"},\"sameAs\":[\"https:\/\/x.com\/prof_juniorgeo\",\"https:\/\/www.instagram.com\/prof_juniorgeo\/\"]},{\"@type\":\"Person\",\"@id\":\"https:\/\/professorjuniorgeo.com.br\/inicio\/blog\/#\/schema\/person\/b410d99e2a067c5581355dacd1508d03\",\"name\":\"Junior Geo\",\"image\":{\"@type\":\"ImageObject\",\"inLanguage\":\"pt-PT\",\"@id\":\"https:\/\/secure.gravatar.com\/avatar\/4a183b8fe59449f23caec60faabe3ad350a91e0b8cdf49ada6b375a741cf53e5?s=96&d=mm&r=g\",\"url\":\"https:\/\/secure.gravatar.com\/avatar\/4a183b8fe59449f23caec60faabe3ad350a91e0b8cdf49ada6b375a741cf53e5?s=96&d=mm&r=g\",\"contentUrl\":\"https:\/\/secure.gravatar.com\/avatar\/4a183b8fe59449f23caec60faabe3ad350a91e0b8cdf49ada6b375a741cf53e5?s=96&d=mm&r=g\",\"caption\":\"Junior Geo\"},\"url\":\"https:\/\/professorjuniorgeo.com.br\/inicio\/blog\/author\/juniorgeo\/\"}]}<\/script>\n<!-- \/ Yoast SEO plugin. -->","yoast_head_json":{"title":"Vereador J\u00fanior Geo diz que m\u00e9rito das conquistas da greve \u00e9 dos professores do munic\u00edpio - Junior Geo","robots":{"index":"index","follow":"follow","max-snippet":"max-snippet:-1","max-image-preview":"max-image-preview:large","max-video-preview":"max-video-preview:-1"},"canonical":"https:\/\/professorjuniorgeo.com.br\/inicio\/blog\/2015\/10\/20\/vereador-junior-geo-diz-que-merito-das-conquistas-da-greve-e-dos-professores-do-municipio\/","og_locale":"pt_PT","og_type":"article","og_title":"Vereador J\u00fanior Geo diz que m\u00e9rito das conquistas da greve \u00e9 dos professores do munic\u00edpio - Junior Geo","og_description":"O parlamentar parabenizou a categoria na tribuna na manh\u00e3 desta ter\u00e7a, 20, pela persist\u00eancia e uni\u00e3o demonstradas no movimento Por Camylla Costa \u201cO m\u00e9rito das conquistas \u00e9 dos professores que lutaram e foram at\u00e9 coagidos, enquanto reivindicavam seus direitos e melhorias\u201d. Foi o que disse o vereador da C\u00e2mara de Palmas, professor J\u00fanior Geo, na [&hellip;]","og_url":"https:\/\/professorjuniorgeo.com.br\/inicio\/blog\/2015\/10\/20\/vereador-junior-geo-diz-que-merito-das-conquistas-da-greve-e-dos-professores-do-municipio\/","og_site_name":"Junior Geo","article_published_time":"2015-10-20T15:34:06+00:00","author":"Junior Geo","twitter_card":"summary_large_image","twitter_creator":"@prof_juniorgeo","twitter_site":"@prof_juniorgeo","twitter_misc":{"Written by":"Junior Geo","Est. reading time":"2 minutos"},"schema":{"@context":"https:\/\/schema.org","@graph":[{"@type":"Article","@id":"https:\/\/professorjuniorgeo.com.br\/inicio\/blog\/2015\/10\/20\/vereador-junior-geo-diz-que-merito-das-conquistas-da-greve-e-dos-professores-do-municipio\/#article","isPartOf":{"@id":"https:\/\/professorjuniorgeo.com.br\/inicio\/blog\/2015\/10\/20\/vereador-junior-geo-diz-que-merito-das-conquistas-da-greve-e-dos-professores-do-municipio\/"},"author":{"name":"Junior Geo","@id":"https:\/\/professorjuniorgeo.com.br\/inicio\/blog\/#\/schema\/person\/b410d99e2a067c5581355dacd1508d03"},"headline":"Vereador J\u00fanior Geo diz que m\u00e9rito das conquistas da greve \u00e9 dos professores do munic\u00edpio","datePublished":"2015-10-20T15:34:06+00:00","mainEntityOfPage":{"@id":"https:\/\/professorjuniorgeo.com.br\/inicio\/blog\/2015\/10\/20\/vereador-junior-geo-diz-que-merito-das-conquistas-da-greve-e-dos-professores-do-municipio\/"},"wordCount":412,"commentCount":0,"publisher":{"@id":"https:\/\/professorjuniorgeo.com.br\/inicio\/blog\/#organization"},"image":{"@id":"https:\/\/professorjuniorgeo.com.br\/inicio\/blog\/2015\/10\/20\/vereador-junior-geo-diz-que-merito-das-conquistas-da-greve-e-dos-professores-do-municipio\/#primaryimage"},"thumbnailUrl":"","articleSection":["Not\u00edcias"],"inLanguage":"pt-PT","potentialAction":[{"@type":"CommentAction","name":"Comment","target":["https:\/\/professorjuniorgeo.com.br\/inicio\/blog\/2015\/10\/20\/vereador-junior-geo-diz-que-merito-das-conquistas-da-greve-e-dos-professores-do-municipio\/#respond"]}]},{"@type":"WebPage","@id":"https:\/\/professorjuniorgeo.com.br\/inicio\/blog\/2015\/10\/20\/vereador-junior-geo-diz-que-merito-das-conquistas-da-greve-e-dos-professores-do-municipio\/","url":"https:\/\/professorjuniorgeo.com.br\/inicio\/blog\/2015\/10\/20\/vereador-junior-geo-diz-que-merito-das-conquistas-da-greve-e-dos-professores-do-municipio\/","name":"Vereador J\u00fanior Geo diz que m\u00e9rito das conquistas da greve \u00e9 dos professores do munic\u00edpio - Junior Geo","isPartOf":{"@id":"https:\/\/professorjuniorgeo.com.br\/inicio\/blog\/#website"},"primaryImageOfPage":{"@id":"https:\/\/professorjuniorgeo.com.br\/inicio\/blog\/2015\/10\/20\/vereador-junior-geo-diz-que-merito-das-conquistas-da-greve-e-dos-professores-do-municipio\/#primaryimage"},"image":{"@id":"https:\/\/professorjuniorgeo.com.br\/inicio\/blog\/2015\/10\/20\/vereador-junior-geo-diz-que-merito-das-conquistas-da-greve-e-dos-professores-do-municipio\/#primaryimage"},"thumbnailUrl":"","datePublished":"2015-10-20T15:34:06+00:00","breadcrumb":{"@id":"https:\/\/professorjuniorgeo.com.br\/inicio\/blog\/2015\/10\/20\/vereador-junior-geo-diz-que-merito-das-conquistas-da-greve-e-dos-professores-do-municipio\/#breadcrumb"},"inLanguage":"pt-PT","potentialAction":[{"@type":"ReadAction","target":["https:\/\/professorjuniorgeo.com.br\/inicio\/blog\/2015\/10\/20\/vereador-junior-geo-diz-que-merito-das-conquistas-da-greve-e-dos-professores-do-municipio\/"]}]},{"@type":"ImageObject","inLanguage":"pt-PT","@id":"https:\/\/professorjuniorgeo.com.br\/inicio\/blog\/2015\/10\/20\/vereador-junior-geo-diz-que-merito-das-conquistas-da-greve-e-dos-professores-do-municipio\/#primaryimage","url":"","contentUrl":""},{"@type":"BreadcrumbList","@id":"https:\/\/professorjuniorgeo.com.br\/inicio\/blog\/2015\/10\/20\/vereador-junior-geo-diz-que-merito-das-conquistas-da-greve-e-dos-professores-do-municipio\/#breadcrumb","itemListElement":[{"@type":"ListItem","position":1,"name":"Home","item":"https:\/\/professorjuniorgeo.com.br\/inicio\/blog\/"},{"@type":"ListItem","position":2,"name":"Vereador J\u00fanior Geo diz que m\u00e9rito das conquistas da greve \u00e9 dos professores do munic\u00edpio"}]},{"@type":"WebSite","@id":"https:\/\/professorjuniorgeo.com.br\/inicio\/blog\/#website","url":"https:\/\/professorjuniorgeo.com.br\/inicio\/blog\/","name":"Junior Geo Deputado Estadual","description":"Professor Junior Geo","publisher":{"@id":"https:\/\/professorjuniorgeo.com.br\/inicio\/blog\/#organization"},"potentialAction":[{"@type":"SearchAction","target":{"@type":"EntryPoint","urlTemplate":"https:\/\/professorjuniorgeo.com.br\/inicio\/blog\/?s={search_term_string}"},"query-input":{"@type":"PropertyValueSpecification","valueRequired":true,"valueName":"search_term_string"}}],"inLanguage":"pt-PT"},{"@type":"Organization","@id":"https:\/\/professorjuniorgeo.com.br\/inicio\/blog\/#organization","name":"Junior Geo Deputado Estadual","url":"https:\/\/professorjuniorgeo.com.br\/inicio\/blog\/","logo":{"@type":"ImageObject","inLanguage":"pt-PT","@id":"https:\/\/professorjuniorgeo.com.br\/inicio\/blog\/#\/schema\/logo\/image\/","url":"https:\/\/professorjuniorgeo.com.br\/inicio\/blog\/wp-content\/uploads\/2023\/02\/cropped-logo.png","contentUrl":"https:\/\/professorjuniorgeo.com.br\/inicio\/blog\/wp-content\/uploads\/2023\/02\/cropped-logo.png","width":1736,"height":416,"caption":"Junior Geo Deputado Estadual"},"image":{"@id":"https:\/\/professorjuniorgeo.com.br\/inicio\/blog\/#\/schema\/logo\/image\/"},"sameAs":["https:\/\/x.com\/prof_juniorgeo","https:\/\/www.instagram.com\/prof_juniorgeo\/"]},{"@type":"Person","@id":"https:\/\/professorjuniorgeo.com.br\/inicio\/blog\/#\/schema\/person\/b410d99e2a067c5581355dacd1508d03","name":"Junior Geo","image":{"@type":"ImageObject","inLanguage":"pt-PT","@id":"https:\/\/secure.gravatar.com\/avatar\/4a183b8fe59449f23caec60faabe3ad350a91e0b8cdf49ada6b375a741cf53e5?s=96&d=mm&r=g","url":"https:\/\/secure.gravatar.com\/avatar\/4a183b8fe59449f23caec60faabe3ad350a91e0b8cdf49ada6b375a741cf53e5?s=96&d=mm&r=g","contentUrl":"https:\/\/secure.gravatar.com\/avatar\/4a183b8fe59449f23caec60faabe3ad350a91e0b8cdf49ada6b375a741cf53e5?s=96&d=mm&r=g","caption":"Junior Geo"},"url":"https:\/\/professorjuniorgeo.com.br\/inicio\/blog\/author\/juniorgeo\/"}]}},"_links":{"self":[{"href":"https:\/\/professorjuniorgeo.com.br\/inicio\/blog\/wp-json\/wp\/v2\/posts\/889","targetHints":{"allow":["GET"]}}],"collection":[{"href":"https:\/\/professorjuniorgeo.com.br\/inicio\/blog\/wp-json\/wp\/v2\/posts"}],"about":[{"href":"https:\/\/professorjuniorgeo.com.br\/inicio\/blog\/wp-json\/wp\/v2\/types\/post"}],"author":[{"embeddable":true,"href":"https:\/\/professorjuniorgeo.com.br\/inicio\/blog\/wp-json\/wp\/v2\/users\/3"}],"replies":[{"embeddable":true,"href":"https:\/\/professorjuniorgeo.com.br\/inicio\/blog\/wp-json\/wp\/v2\/comments?post=889"}],"version-history":[{"count":0,"href":"https:\/\/professorjuniorgeo.com.br\/inicio\/blog\/wp-json\/wp\/v2\/posts\/889\/revisions"}],"wp:featuredmedia":[{"embeddable":true,"href":"https:\/\/professorjuniorgeo.com.br\/inicio\/blog\/wp-json\/"}],"wp:attachment":[{"href":"https:\/\/professorjuniorgeo.com.br\/inicio\/blog\/wp-json\/wp\/v2\/media?parent=889"}],"wp:term":[{"taxonomy":"category","embeddable":true,"href":"https:\/\/professorjuniorgeo.com.br\/inicio\/blog\/wp-json\/wp\/v2\/categories?post=889"},{"taxonomy":"post_tag","embeddable":true,"href":"https:\/\/professorjuniorgeo.com.br\/inicio\/blog\/wp-json\/wp\/v2\/tags?post=889"}],"curies":[{"name":"wp","href":"https:\/\/api.w.org\/{rel}","templated":true}]}}