{"id":903,"date":"2015-10-22T11:50:38","date_gmt":"2015-10-22T14:50:38","guid":{"rendered":"http:\/\/professorjuniorgeo.com.br\/portal\/?p=903"},"modified":"2015-10-22T11:50:38","modified_gmt":"2015-10-22T14:50:38","slug":"junior-geo-questiona-organizacao-dos-jogos-mundiais-dos-povos-indigenas","status":"publish","type":"post","link":"https:\/\/professorjuniorgeo.com.br\/inicio\/blog\/2015\/10\/22\/junior-geo-questiona-organizacao-dos-jogos-mundiais-dos-povos-indigenas\/","title":{"rendered":"J\u00fanior Geo questiona organiza\u00e7\u00e3o dos Jogos Mundiais dos Povos Ind\u00edgenas"},"content":{"rendered":"<p style=\"text-align: center;\"><em>O parlamentar ressaltou a import\u00e2ncia do evento e criticou a exclus\u00e3o de alguns grupos da sociedade<\/em><\/p>\n<p><em>Por Camylla Costa<\/em><\/p>\n<p>O vereador professor J\u00fanior Geo (PROS) usou a tribuna nesta quinta-feira, 22, durante sess\u00e3o ordin\u00e1ria na C\u00e2mara de Palmas, para questionar a exclus\u00e3o de determinados grupos da sociedade dos Jogos Mundiais dos Povos Ind\u00edgenas (JMPI), que acontece em Palmas a partir desta sexta, 23. O parlamentar reconheceu, na ocasi\u00e3o, a import\u00e2ncia do evento e refor\u00e7ou que grande parte do dinheiro investido \u00e9 fruto da contribui\u00e7\u00e3o do brasileiro.<\/p>\n<p>\u201cNa ordem de milh\u00f5es, os Jogos v\u00e3o ocorrer neste munic\u00edpio e a abertura ser\u00e1 para um grupo seleto de pessoas\u201d, questionou o vereador, afirmando que a presen\u00e7a da presidente Dilma Rousseff (PT) pode ser a causa da decis\u00e3o da organiza\u00e7\u00e3o do evento. Para Geo, a forma de condu\u00e7\u00e3o do evento vai contra a campanha #SomosTodosInd\u00edgenas, divulgada e fortalecida pela gest\u00e3o municipal.<\/p>\n<p>De acordo com J\u00fanior Geo, o fato da principal avenida da Capital, Teot\u00f4nio Segurado, ser fechada prejudica palmenses e milhares de estudantes que far\u00e3o o Exame Nacional do Ensino M\u00e9dio (Enem) neste final de semana. \u201cOs estudantes que far\u00e3o a prova no Taquari, por exemplo, t\u00eam me perguntado como se deslocar\u00e3o at\u00e9 l\u00e1. Esperamos que a gest\u00e3o apresente alternativas\u201d, disse.<\/p>\n<p><strong>Abertura seleta<\/strong><\/p>\n<p>A popula\u00e7\u00e3o de Palmas ter\u00e1 que acompanhar a abertura oficial dos Jogos Mundiais dos Povos Ind\u00edgenas (JMPI), na sexta-feira, 23, por um tel\u00e3o que a prefeitura vai instalar na Feira do Bosque. Isso porque os organizadores do evento decidiram que s\u00f3 convidados poder\u00e3o acompanhar a solenidade. A abertura est\u00e1 prevista para as 18 horas, e dever\u00e1 contar com a presen\u00e7a da presidente, que tem evitado eventos abertos nos \u00faltimos meses, desde que seu governo mergulhou numa crise, cujo fim ainda est\u00e1 bem distante. <em>(Com informa\u00e7\u00f5es do Portal CT) <\/em><\/p>\n","protected":false},"excerpt":{"rendered":"<p>O parlamentar ressaltou a import\u00e2ncia do evento e criticou a exclus\u00e3o de alguns grupos da sociedade Por Camylla Costa O vereador professor J\u00fanior Geo (PROS) usou a tribuna nesta quinta-feira, 22, durante sess\u00e3o ordin\u00e1ria na C\u00e2mara de Palmas, para questionar a exclus\u00e3o de determinados grupos da sociedade dos Jogos Mundiais dos Povos Ind\u00edgenas (JMPI), que [&hellip;]<\/p>\n","protected":false},"author":3,"featured_media":904,"comment_status":"open","ping_status":"open","sticky":false,"template":"","format":"standard","meta":{"ngg_post_thumbnail":0,"footnotes":"","_links_to":"","_links_to_target":""},"categories":[23],"tags":[],"class_list":{"0":"post-903","1":"post","2":"type-post","3":"status-publish","4":"format-standard","5":"has-post-thumbnail","7":"category-noticias"},"yoast_head":"<!-- This site is optimized with the Yoast SEO plugin v27.2 - https:\/\/yoast.com\/product\/yoast-seo-wordpress\/ -->\n<title>J\u00fanior Geo questiona organiza\u00e7\u00e3o dos Jogos Mundiais dos Povos Ind\u00edgenas - Junior Geo<\/title>\n<meta name=\"robots\" content=\"index, follow, max-snippet:-1, max-image-preview:large, max-video-preview:-1\" \/>\n<link rel=\"canonical\" href=\"https:\/\/professorjuniorgeo.com.br\/inicio\/blog\/2015\/10\/22\/junior-geo-questiona-organizacao-dos-jogos-mundiais-dos-povos-indigenas\/\" \/>\n<meta property=\"og:locale\" content=\"pt_PT\" \/>\n<meta property=\"og:type\" content=\"article\" \/>\n<meta property=\"og:title\" content=\"J\u00fanior Geo questiona organiza\u00e7\u00e3o dos Jogos Mundiais dos Povos Ind\u00edgenas - Junior Geo\" \/>\n<meta property=\"og:description\" content=\"O parlamentar ressaltou a import\u00e2ncia do evento e criticou a exclus\u00e3o de alguns grupos da sociedade Por Camylla Costa O vereador professor J\u00fanior Geo (PROS) usou a tribuna nesta quinta-feira, 22, durante sess\u00e3o ordin\u00e1ria na C\u00e2mara de Palmas, para questionar a exclus\u00e3o de determinados grupos da sociedade dos Jogos Mundiais dos Povos Ind\u00edgenas (JMPI), que [&hellip;]\" \/>\n<meta property=\"og:url\" content=\"https:\/\/professorjuniorgeo.com.br\/inicio\/blog\/2015\/10\/22\/junior-geo-questiona-organizacao-dos-jogos-mundiais-dos-povos-indigenas\/\" \/>\n<meta property=\"og:site_name\" content=\"Junior Geo\" \/>\n<meta property=\"article:published_time\" content=\"2015-10-22T14:50:38+00:00\" \/>\n<meta name=\"author\" content=\"Junior Geo\" \/>\n<meta name=\"twitter:card\" content=\"summary_large_image\" \/>\n<meta name=\"twitter:creator\" content=\"@prof_juniorgeo\" \/>\n<meta name=\"twitter:site\" content=\"@prof_juniorgeo\" \/>\n<meta name=\"twitter:label1\" content=\"Written by\" \/>\n\t<meta name=\"twitter:data1\" content=\"Junior Geo\" \/>\n\t<meta name=\"twitter:label2\" content=\"Est. reading time\" \/>\n\t<meta name=\"twitter:data2\" content=\"2 minutos\" \/>\n<script type=\"application\/ld+json\" class=\"yoast-schema-graph\">{\"@context\":\"https:\/\/schema.org\",\"@graph\":[{\"@type\":\"Article\",\"@id\":\"https:\/\/professorjuniorgeo.com.br\/inicio\/blog\/2015\/10\/22\/junior-geo-questiona-organizacao-dos-jogos-mundiais-dos-povos-indigenas\/#article\",\"isPartOf\":{\"@id\":\"https:\/\/professorjuniorgeo.com.br\/inicio\/blog\/2015\/10\/22\/junior-geo-questiona-organizacao-dos-jogos-mundiais-dos-povos-indigenas\/\"},\"author\":{\"name\":\"Junior Geo\",\"@id\":\"https:\/\/professorjuniorgeo.com.br\/inicio\/blog\/#\/schema\/person\/b410d99e2a067c5581355dacd1508d03\"},\"headline\":\"J\u00fanior Geo questiona organiza\u00e7\u00e3o dos Jogos Mundiais dos Povos Ind\u00edgenas\",\"datePublished\":\"2015-10-22T14:50:38+00:00\",\"mainEntityOfPage\":{\"@id\":\"https:\/\/professorjuniorgeo.com.br\/inicio\/blog\/2015\/10\/22\/junior-geo-questiona-organizacao-dos-jogos-mundiais-dos-povos-indigenas\/\"},\"wordCount\":340,\"commentCount\":0,\"publisher\":{\"@id\":\"https:\/\/professorjuniorgeo.com.br\/inicio\/blog\/#organization\"},\"image\":{\"@id\":\"https:\/\/professorjuniorgeo.com.br\/inicio\/blog\/2015\/10\/22\/junior-geo-questiona-organizacao-dos-jogos-mundiais-dos-povos-indigenas\/#primaryimage\"},\"thumbnailUrl\":\"\",\"articleSection\":[\"Not\u00edcias\"],\"inLanguage\":\"pt-PT\",\"potentialAction\":[{\"@type\":\"CommentAction\",\"name\":\"Comment\",\"target\":[\"https:\/\/professorjuniorgeo.com.br\/inicio\/blog\/2015\/10\/22\/junior-geo-questiona-organizacao-dos-jogos-mundiais-dos-povos-indigenas\/#respond\"]}]},{\"@type\":\"WebPage\",\"@id\":\"https:\/\/professorjuniorgeo.com.br\/inicio\/blog\/2015\/10\/22\/junior-geo-questiona-organizacao-dos-jogos-mundiais-dos-povos-indigenas\/\",\"url\":\"https:\/\/professorjuniorgeo.com.br\/inicio\/blog\/2015\/10\/22\/junior-geo-questiona-organizacao-dos-jogos-mundiais-dos-povos-indigenas\/\",\"name\":\"J\u00fanior Geo questiona organiza\u00e7\u00e3o dos Jogos Mundiais dos Povos Ind\u00edgenas - Junior Geo\",\"isPartOf\":{\"@id\":\"https:\/\/professorjuniorgeo.com.br\/inicio\/blog\/#website\"},\"primaryImageOfPage\":{\"@id\":\"https:\/\/professorjuniorgeo.com.br\/inicio\/blog\/2015\/10\/22\/junior-geo-questiona-organizacao-dos-jogos-mundiais-dos-povos-indigenas\/#primaryimage\"},\"image\":{\"@id\":\"https:\/\/professorjuniorgeo.com.br\/inicio\/blog\/2015\/10\/22\/junior-geo-questiona-organizacao-dos-jogos-mundiais-dos-povos-indigenas\/#primaryimage\"},\"thumbnailUrl\":\"\",\"datePublished\":\"2015-10-22T14:50:38+00:00\",\"breadcrumb\":{\"@id\":\"https:\/\/professorjuniorgeo.com.br\/inicio\/blog\/2015\/10\/22\/junior-geo-questiona-organizacao-dos-jogos-mundiais-dos-povos-indigenas\/#breadcrumb\"},\"inLanguage\":\"pt-PT\",\"potentialAction\":[{\"@type\":\"ReadAction\",\"target\":[\"https:\/\/professorjuniorgeo.com.br\/inicio\/blog\/2015\/10\/22\/junior-geo-questiona-organizacao-dos-jogos-mundiais-dos-povos-indigenas\/\"]}]},{\"@type\":\"ImageObject\",\"inLanguage\":\"pt-PT\",\"@id\":\"https:\/\/professorjuniorgeo.com.br\/inicio\/blog\/2015\/10\/22\/junior-geo-questiona-organizacao-dos-jogos-mundiais-dos-povos-indigenas\/#primaryimage\",\"url\":\"\",\"contentUrl\":\"\"},{\"@type\":\"BreadcrumbList\",\"@id\":\"https:\/\/professorjuniorgeo.com.br\/inicio\/blog\/2015\/10\/22\/junior-geo-questiona-organizacao-dos-jogos-mundiais-dos-povos-indigenas\/#breadcrumb\",\"itemListElement\":[{\"@type\":\"ListItem\",\"position\":1,\"name\":\"Home\",\"item\":\"https:\/\/professorjuniorgeo.com.br\/inicio\/blog\/\"},{\"@type\":\"ListItem\",\"position\":2,\"name\":\"J\u00fanior Geo questiona organiza\u00e7\u00e3o dos Jogos Mundiais dos Povos Ind\u00edgenas\"}]},{\"@type\":\"WebSite\",\"@id\":\"https:\/\/professorjuniorgeo.com.br\/inicio\/blog\/#website\",\"url\":\"https:\/\/professorjuniorgeo.com.br\/inicio\/blog\/\",\"name\":\"Junior Geo Deputado Estadual\",\"description\":\"Professor Junior Geo\",\"publisher\":{\"@id\":\"https:\/\/professorjuniorgeo.com.br\/inicio\/blog\/#organization\"},\"potentialAction\":[{\"@type\":\"SearchAction\",\"target\":{\"@type\":\"EntryPoint\",\"urlTemplate\":\"https:\/\/professorjuniorgeo.com.br\/inicio\/blog\/?s={search_term_string}\"},\"query-input\":{\"@type\":\"PropertyValueSpecification\",\"valueRequired\":true,\"valueName\":\"search_term_string\"}}],\"inLanguage\":\"pt-PT\"},{\"@type\":\"Organization\",\"@id\":\"https:\/\/professorjuniorgeo.com.br\/inicio\/blog\/#organization\",\"name\":\"Junior Geo Deputado Estadual\",\"url\":\"https:\/\/professorjuniorgeo.com.br\/inicio\/blog\/\",\"logo\":{\"@type\":\"ImageObject\",\"inLanguage\":\"pt-PT\",\"@id\":\"https:\/\/professorjuniorgeo.com.br\/inicio\/blog\/#\/schema\/logo\/image\/\",\"url\":\"https:\/\/professorjuniorgeo.com.br\/inicio\/blog\/wp-content\/uploads\/2023\/02\/cropped-logo.png\",\"contentUrl\":\"https:\/\/professorjuniorgeo.com.br\/inicio\/blog\/wp-content\/uploads\/2023\/02\/cropped-logo.png\",\"width\":1736,\"height\":416,\"caption\":\"Junior Geo Deputado Estadual\"},\"image\":{\"@id\":\"https:\/\/professorjuniorgeo.com.br\/inicio\/blog\/#\/schema\/logo\/image\/\"},\"sameAs\":[\"https:\/\/x.com\/prof_juniorgeo\",\"https:\/\/www.instagram.com\/prof_juniorgeo\/\"]},{\"@type\":\"Person\",\"@id\":\"https:\/\/professorjuniorgeo.com.br\/inicio\/blog\/#\/schema\/person\/b410d99e2a067c5581355dacd1508d03\",\"name\":\"Junior Geo\",\"image\":{\"@type\":\"ImageObject\",\"inLanguage\":\"pt-PT\",\"@id\":\"https:\/\/secure.gravatar.com\/avatar\/4a183b8fe59449f23caec60faabe3ad350a91e0b8cdf49ada6b375a741cf53e5?s=96&d=mm&r=g\",\"url\":\"https:\/\/secure.gravatar.com\/avatar\/4a183b8fe59449f23caec60faabe3ad350a91e0b8cdf49ada6b375a741cf53e5?s=96&d=mm&r=g\",\"contentUrl\":\"https:\/\/secure.gravatar.com\/avatar\/4a183b8fe59449f23caec60faabe3ad350a91e0b8cdf49ada6b375a741cf53e5?s=96&d=mm&r=g\",\"caption\":\"Junior Geo\"},\"url\":\"https:\/\/professorjuniorgeo.com.br\/inicio\/blog\/author\/juniorgeo\/\"}]}<\/script>\n<!-- \/ Yoast SEO plugin. -->","yoast_head_json":{"title":"J\u00fanior Geo questiona organiza\u00e7\u00e3o dos Jogos Mundiais dos Povos Ind\u00edgenas - Junior Geo","robots":{"index":"index","follow":"follow","max-snippet":"max-snippet:-1","max-image-preview":"max-image-preview:large","max-video-preview":"max-video-preview:-1"},"canonical":"https:\/\/professorjuniorgeo.com.br\/inicio\/blog\/2015\/10\/22\/junior-geo-questiona-organizacao-dos-jogos-mundiais-dos-povos-indigenas\/","og_locale":"pt_PT","og_type":"article","og_title":"J\u00fanior Geo questiona organiza\u00e7\u00e3o dos Jogos Mundiais dos Povos Ind\u00edgenas - Junior Geo","og_description":"O parlamentar ressaltou a import\u00e2ncia do evento e criticou a exclus\u00e3o de alguns grupos da sociedade Por Camylla Costa O vereador professor J\u00fanior Geo (PROS) usou a tribuna nesta quinta-feira, 22, durante sess\u00e3o ordin\u00e1ria na C\u00e2mara de Palmas, para questionar a exclus\u00e3o de determinados grupos da sociedade dos Jogos Mundiais dos Povos Ind\u00edgenas (JMPI), que [&hellip;]","og_url":"https:\/\/professorjuniorgeo.com.br\/inicio\/blog\/2015\/10\/22\/junior-geo-questiona-organizacao-dos-jogos-mundiais-dos-povos-indigenas\/","og_site_name":"Junior Geo","article_published_time":"2015-10-22T14:50:38+00:00","author":"Junior Geo","twitter_card":"summary_large_image","twitter_creator":"@prof_juniorgeo","twitter_site":"@prof_juniorgeo","twitter_misc":{"Written by":"Junior Geo","Est. reading time":"2 minutos"},"schema":{"@context":"https:\/\/schema.org","@graph":[{"@type":"Article","@id":"https:\/\/professorjuniorgeo.com.br\/inicio\/blog\/2015\/10\/22\/junior-geo-questiona-organizacao-dos-jogos-mundiais-dos-povos-indigenas\/#article","isPartOf":{"@id":"https:\/\/professorjuniorgeo.com.br\/inicio\/blog\/2015\/10\/22\/junior-geo-questiona-organizacao-dos-jogos-mundiais-dos-povos-indigenas\/"},"author":{"name":"Junior Geo","@id":"https:\/\/professorjuniorgeo.com.br\/inicio\/blog\/#\/schema\/person\/b410d99e2a067c5581355dacd1508d03"},"headline":"J\u00fanior Geo questiona organiza\u00e7\u00e3o dos Jogos Mundiais dos Povos Ind\u00edgenas","datePublished":"2015-10-22T14:50:38+00:00","mainEntityOfPage":{"@id":"https:\/\/professorjuniorgeo.com.br\/inicio\/blog\/2015\/10\/22\/junior-geo-questiona-organizacao-dos-jogos-mundiais-dos-povos-indigenas\/"},"wordCount":340,"commentCount":0,"publisher":{"@id":"https:\/\/professorjuniorgeo.com.br\/inicio\/blog\/#organization"},"image":{"@id":"https:\/\/professorjuniorgeo.com.br\/inicio\/blog\/2015\/10\/22\/junior-geo-questiona-organizacao-dos-jogos-mundiais-dos-povos-indigenas\/#primaryimage"},"thumbnailUrl":"","articleSection":["Not\u00edcias"],"inLanguage":"pt-PT","potentialAction":[{"@type":"CommentAction","name":"Comment","target":["https:\/\/professorjuniorgeo.com.br\/inicio\/blog\/2015\/10\/22\/junior-geo-questiona-organizacao-dos-jogos-mundiais-dos-povos-indigenas\/#respond"]}]},{"@type":"WebPage","@id":"https:\/\/professorjuniorgeo.com.br\/inicio\/blog\/2015\/10\/22\/junior-geo-questiona-organizacao-dos-jogos-mundiais-dos-povos-indigenas\/","url":"https:\/\/professorjuniorgeo.com.br\/inicio\/blog\/2015\/10\/22\/junior-geo-questiona-organizacao-dos-jogos-mundiais-dos-povos-indigenas\/","name":"J\u00fanior Geo questiona organiza\u00e7\u00e3o dos Jogos Mundiais dos Povos Ind\u00edgenas - Junior Geo","isPartOf":{"@id":"https:\/\/professorjuniorgeo.com.br\/inicio\/blog\/#website"},"primaryImageOfPage":{"@id":"https:\/\/professorjuniorgeo.com.br\/inicio\/blog\/2015\/10\/22\/junior-geo-questiona-organizacao-dos-jogos-mundiais-dos-povos-indigenas\/#primaryimage"},"image":{"@id":"https:\/\/professorjuniorgeo.com.br\/inicio\/blog\/2015\/10\/22\/junior-geo-questiona-organizacao-dos-jogos-mundiais-dos-povos-indigenas\/#primaryimage"},"thumbnailUrl":"","datePublished":"2015-10-22T14:50:38+00:00","breadcrumb":{"@id":"https:\/\/professorjuniorgeo.com.br\/inicio\/blog\/2015\/10\/22\/junior-geo-questiona-organizacao-dos-jogos-mundiais-dos-povos-indigenas\/#breadcrumb"},"inLanguage":"pt-PT","potentialAction":[{"@type":"ReadAction","target":["https:\/\/professorjuniorgeo.com.br\/inicio\/blog\/2015\/10\/22\/junior-geo-questiona-organizacao-dos-jogos-mundiais-dos-povos-indigenas\/"]}]},{"@type":"ImageObject","inLanguage":"pt-PT","@id":"https:\/\/professorjuniorgeo.com.br\/inicio\/blog\/2015\/10\/22\/junior-geo-questiona-organizacao-dos-jogos-mundiais-dos-povos-indigenas\/#primaryimage","url":"","contentUrl":""},{"@type":"BreadcrumbList","@id":"https:\/\/professorjuniorgeo.com.br\/inicio\/blog\/2015\/10\/22\/junior-geo-questiona-organizacao-dos-jogos-mundiais-dos-povos-indigenas\/#breadcrumb","itemListElement":[{"@type":"ListItem","position":1,"name":"Home","item":"https:\/\/professorjuniorgeo.com.br\/inicio\/blog\/"},{"@type":"ListItem","position":2,"name":"J\u00fanior Geo questiona organiza\u00e7\u00e3o dos Jogos Mundiais dos Povos Ind\u00edgenas"}]},{"@type":"WebSite","@id":"https:\/\/professorjuniorgeo.com.br\/inicio\/blog\/#website","url":"https:\/\/professorjuniorgeo.com.br\/inicio\/blog\/","name":"Junior Geo Deputado Estadual","description":"Professor Junior Geo","publisher":{"@id":"https:\/\/professorjuniorgeo.com.br\/inicio\/blog\/#organization"},"potentialAction":[{"@type":"SearchAction","target":{"@type":"EntryPoint","urlTemplate":"https:\/\/professorjuniorgeo.com.br\/inicio\/blog\/?s={search_term_string}"},"query-input":{"@type":"PropertyValueSpecification","valueRequired":true,"valueName":"search_term_string"}}],"inLanguage":"pt-PT"},{"@type":"Organization","@id":"https:\/\/professorjuniorgeo.com.br\/inicio\/blog\/#organization","name":"Junior Geo Deputado Estadual","url":"https:\/\/professorjuniorgeo.com.br\/inicio\/blog\/","logo":{"@type":"ImageObject","inLanguage":"pt-PT","@id":"https:\/\/professorjuniorgeo.com.br\/inicio\/blog\/#\/schema\/logo\/image\/","url":"https:\/\/professorjuniorgeo.com.br\/inicio\/blog\/wp-content\/uploads\/2023\/02\/cropped-logo.png","contentUrl":"https:\/\/professorjuniorgeo.com.br\/inicio\/blog\/wp-content\/uploads\/2023\/02\/cropped-logo.png","width":1736,"height":416,"caption":"Junior Geo Deputado Estadual"},"image":{"@id":"https:\/\/professorjuniorgeo.com.br\/inicio\/blog\/#\/schema\/logo\/image\/"},"sameAs":["https:\/\/x.com\/prof_juniorgeo","https:\/\/www.instagram.com\/prof_juniorgeo\/"]},{"@type":"Person","@id":"https:\/\/professorjuniorgeo.com.br\/inicio\/blog\/#\/schema\/person\/b410d99e2a067c5581355dacd1508d03","name":"Junior Geo","image":{"@type":"ImageObject","inLanguage":"pt-PT","@id":"https:\/\/secure.gravatar.com\/avatar\/4a183b8fe59449f23caec60faabe3ad350a91e0b8cdf49ada6b375a741cf53e5?s=96&d=mm&r=g","url":"https:\/\/secure.gravatar.com\/avatar\/4a183b8fe59449f23caec60faabe3ad350a91e0b8cdf49ada6b375a741cf53e5?s=96&d=mm&r=g","contentUrl":"https:\/\/secure.gravatar.com\/avatar\/4a183b8fe59449f23caec60faabe3ad350a91e0b8cdf49ada6b375a741cf53e5?s=96&d=mm&r=g","caption":"Junior Geo"},"url":"https:\/\/professorjuniorgeo.com.br\/inicio\/blog\/author\/juniorgeo\/"}]}},"_links":{"self":[{"href":"https:\/\/professorjuniorgeo.com.br\/inicio\/blog\/wp-json\/wp\/v2\/posts\/903","targetHints":{"allow":["GET"]}}],"collection":[{"href":"https:\/\/professorjuniorgeo.com.br\/inicio\/blog\/wp-json\/wp\/v2\/posts"}],"about":[{"href":"https:\/\/professorjuniorgeo.com.br\/inicio\/blog\/wp-json\/wp\/v2\/types\/post"}],"author":[{"embeddable":true,"href":"https:\/\/professorjuniorgeo.com.br\/inicio\/blog\/wp-json\/wp\/v2\/users\/3"}],"replies":[{"embeddable":true,"href":"https:\/\/professorjuniorgeo.com.br\/inicio\/blog\/wp-json\/wp\/v2\/comments?post=903"}],"version-history":[{"count":0,"href":"https:\/\/professorjuniorgeo.com.br\/inicio\/blog\/wp-json\/wp\/v2\/posts\/903\/revisions"}],"wp:featuredmedia":[{"embeddable":true,"href":"https:\/\/professorjuniorgeo.com.br\/inicio\/blog\/wp-json\/"}],"wp:attachment":[{"href":"https:\/\/professorjuniorgeo.com.br\/inicio\/blog\/wp-json\/wp\/v2\/media?parent=903"}],"wp:term":[{"taxonomy":"category","embeddable":true,"href":"https:\/\/professorjuniorgeo.com.br\/inicio\/blog\/wp-json\/wp\/v2\/categories?post=903"},{"taxonomy":"post_tag","embeddable":true,"href":"https:\/\/professorjuniorgeo.com.br\/inicio\/blog\/wp-json\/wp\/v2\/tags?post=903"}],"curies":[{"name":"wp","href":"https:\/\/api.w.org\/{rel}","templated":true}]}}