{"id":924,"date":"2015-10-28T08:37:53","date_gmt":"2015-10-28T11:37:53","guid":{"rendered":"http:\/\/professorjuniorgeo.com.br\/portal\/?p=924"},"modified":"2015-10-28T08:37:53","modified_gmt":"2015-10-28T11:37:53","slug":"nao-podemos-fechar-os-olhos-para-os-problemas-nos-jmpi-diz-vereador-junior-geo","status":"publish","type":"post","link":"https:\/\/professorjuniorgeo.com.br\/inicio\/blog\/2015\/10\/28\/nao-podemos-fechar-os-olhos-para-os-problemas-nos-jmpi-diz-vereador-junior-geo\/","title":{"rendered":"\u2018N\u00e3o podemos fechar os olhos para os problemas nos JMPI\u2019, diz vereador J\u00fanior Geo"},"content":{"rendered":"<p style=\"text-align: center;\"><em>O parlamentar, durante sess\u00e3o ordin\u00e1ria desta ter\u00e7a tamb\u00e9m cobrou o legado do evento esportivo, prometido pela gest\u00e3o municipal<\/em><\/p>\n<p><em>Por Camylla Costa<\/em><\/p>\n<p>As falhas na realiza\u00e7\u00e3o dos Jogos Mundiais dos Povos Ind\u00edgenas (JMPI) foram destacadas pelo vereador professor J\u00fanior Geo (PROS) durante sess\u00e3o ordin\u00e1ria da C\u00e2mara de Palmas nesta ter\u00e7a-feira, 27. O parlamentar chamou aten\u00e7\u00e3o para a estrutura\u00e7\u00e3o da Vila Ol\u00edmpica, iniciada antes da conclus\u00e3o do procedimento de licita\u00e7\u00e3o e tamb\u00e9m a estrutura prec\u00e1ria e falta de \u00e1gua no evento.<\/p>\n<p>\u201cN\u00e3o podemos esquecer que a estrutura dos JMPI come\u00e7ou a ser montada antes da finaliza\u00e7\u00e3o do processo de licita\u00e7\u00e3o. Tamb\u00e9m n\u00e3o podemos ignorar que os ind\u00edgenas tomaram banho no Ribeir\u00e3o Taquaru\u00e7u por falta de \u00e1gua e que parte do refeit\u00f3rio caiu e feriu pessoas\u201d, afirmou o vereador, lembrando que um evento de tamanha import\u00e2ncia deveria ser conduzido com maior zelo.<\/p>\n<p>Durante a sess\u00e3o, Geo tamb\u00e9m cobrou o legado anunciado anteriormente pela gest\u00e3o municipal. \u201cLegado \u00e9 heran\u00e7a. Convido verificar que heran\u00e7a ficar\u00e1 quando as tendas e arquibancadas forem retiradas\u201d, questionou.<\/p>\n<p><strong>Licita\u00e7\u00e3o <\/strong><\/p>\n<p>No dia 29 de setembro, a unidade da Organiza\u00e7\u00e3o das Na\u00e7\u00f5es Unidas (ONU) confirmou ao GLOBO que a licita\u00e7\u00e3o internacional, conduzida pelo Programa das Na\u00e7\u00f5es Unidas para o Desenvolvimento (PNUD), para servi\u00e7os da ordem de R$ 30 milh\u00f5es, ainda n\u00e3o havia sido conclu\u00edda.<\/p>\n<p>No entanto, a gest\u00e3o do munic\u00edpio de Palmas divulgou em seu site oficial que um cons\u00f3rcio participante da disputa j\u00e1 fazia a entrega de estruturas pr\u00e9-moldadas para a Vila dos Jogos e para os espa\u00e7os de conviv\u00eancia. No site da Secretaria Municipal Extraordin\u00e1ria dos Jogos Ind\u00edgenas constava a informa\u00e7\u00e3o que o cons\u00f3rcio que entregou as estruturas pr\u00e9-moldadas foi escolhido pelo edital de licita\u00e7\u00e3o n\u00famero 28278\/2015, o mesmo que ainda n\u00e3o havia sido oficialmente conclu\u00eddo.<\/p>\n<p>&nbsp;<\/p>\n<p><strong>\u00a0<\/strong><\/p>\n<p>&nbsp;<\/p>\n<p>&nbsp;<\/p>\n<p>&nbsp;<\/p>\n","protected":false},"excerpt":{"rendered":"<p>O parlamentar, durante sess\u00e3o ordin\u00e1ria desta ter\u00e7a tamb\u00e9m cobrou o legado do evento esportivo, prometido pela gest\u00e3o municipal Por Camylla Costa As falhas na realiza\u00e7\u00e3o dos Jogos Mundiais dos Povos Ind\u00edgenas (JMPI) foram destacadas pelo vereador professor J\u00fanior Geo (PROS) durante sess\u00e3o ordin\u00e1ria da C\u00e2mara de Palmas nesta ter\u00e7a-feira, 27. O parlamentar chamou aten\u00e7\u00e3o para [&hellip;]<\/p>\n","protected":false},"author":3,"featured_media":925,"comment_status":"open","ping_status":"open","sticky":false,"template":"","format":"standard","meta":{"ngg_post_thumbnail":0,"footnotes":"","_links_to":"","_links_to_target":""},"categories":[23],"tags":[],"class_list":{"0":"post-924","1":"post","2":"type-post","3":"status-publish","4":"format-standard","5":"has-post-thumbnail","7":"category-noticias"},"yoast_head":"<!-- This site is optimized with the Yoast SEO plugin v27.2 - https:\/\/yoast.com\/product\/yoast-seo-wordpress\/ -->\n<title>\u2018N\u00e3o podemos fechar os olhos para os problemas nos JMPI\u2019, diz vereador J\u00fanior Geo - Junior Geo<\/title>\n<meta name=\"robots\" content=\"index, follow, max-snippet:-1, max-image-preview:large, max-video-preview:-1\" \/>\n<link rel=\"canonical\" href=\"https:\/\/professorjuniorgeo.com.br\/inicio\/blog\/2015\/10\/28\/nao-podemos-fechar-os-olhos-para-os-problemas-nos-jmpi-diz-vereador-junior-geo\/\" \/>\n<meta property=\"og:locale\" content=\"pt_PT\" \/>\n<meta property=\"og:type\" content=\"article\" \/>\n<meta property=\"og:title\" content=\"\u2018N\u00e3o podemos fechar os olhos para os problemas nos JMPI\u2019, diz vereador J\u00fanior Geo - Junior Geo\" \/>\n<meta property=\"og:description\" content=\"O parlamentar, durante sess\u00e3o ordin\u00e1ria desta ter\u00e7a tamb\u00e9m cobrou o legado do evento esportivo, prometido pela gest\u00e3o municipal Por Camylla Costa As falhas na realiza\u00e7\u00e3o dos Jogos Mundiais dos Povos Ind\u00edgenas (JMPI) foram destacadas pelo vereador professor J\u00fanior Geo (PROS) durante sess\u00e3o ordin\u00e1ria da C\u00e2mara de Palmas nesta ter\u00e7a-feira, 27. O parlamentar chamou aten\u00e7\u00e3o para [&hellip;]\" \/>\n<meta property=\"og:url\" content=\"https:\/\/professorjuniorgeo.com.br\/inicio\/blog\/2015\/10\/28\/nao-podemos-fechar-os-olhos-para-os-problemas-nos-jmpi-diz-vereador-junior-geo\/\" \/>\n<meta property=\"og:site_name\" content=\"Junior Geo\" \/>\n<meta property=\"article:published_time\" content=\"2015-10-28T11:37:53+00:00\" \/>\n<meta property=\"og:image\" content=\"https:\/\/professorjuniorgeo.com.br\/inicio\/blog\/wp-content\/uploads\/2015\/10\/DSC_4899-scaled.jpg\" \/>\n\t<meta property=\"og:image:width\" content=\"2560\" \/>\n\t<meta property=\"og:image:height\" content=\"1700\" \/>\n\t<meta property=\"og:image:type\" content=\"image\/jpeg\" \/>\n<meta name=\"author\" content=\"Junior Geo\" \/>\n<meta name=\"twitter:card\" content=\"summary_large_image\" \/>\n<meta name=\"twitter:creator\" content=\"@prof_juniorgeo\" \/>\n<meta name=\"twitter:site\" content=\"@prof_juniorgeo\" \/>\n<meta name=\"twitter:label1\" content=\"Written by\" \/>\n\t<meta name=\"twitter:data1\" content=\"Junior Geo\" \/>\n\t<meta name=\"twitter:label2\" content=\"Est. reading time\" \/>\n\t<meta name=\"twitter:data2\" content=\"2 minutos\" \/>\n<script type=\"application\/ld+json\" class=\"yoast-schema-graph\">{\"@context\":\"https:\/\/schema.org\",\"@graph\":[{\"@type\":\"Article\",\"@id\":\"https:\/\/professorjuniorgeo.com.br\/inicio\/blog\/2015\/10\/28\/nao-podemos-fechar-os-olhos-para-os-problemas-nos-jmpi-diz-vereador-junior-geo\/#article\",\"isPartOf\":{\"@id\":\"https:\/\/professorjuniorgeo.com.br\/inicio\/blog\/2015\/10\/28\/nao-podemos-fechar-os-olhos-para-os-problemas-nos-jmpi-diz-vereador-junior-geo\/\"},\"author\":{\"name\":\"Junior Geo\",\"@id\":\"https:\/\/professorjuniorgeo.com.br\/inicio\/blog\/#\/schema\/person\/b410d99e2a067c5581355dacd1508d03\"},\"headline\":\"\u2018N\u00e3o podemos fechar os olhos para os problemas nos JMPI\u2019, diz vereador J\u00fanior Geo\",\"datePublished\":\"2015-10-28T11:37:53+00:00\",\"mainEntityOfPage\":{\"@id\":\"https:\/\/professorjuniorgeo.com.br\/inicio\/blog\/2015\/10\/28\/nao-podemos-fechar-os-olhos-para-os-problemas-nos-jmpi-diz-vereador-junior-geo\/\"},\"wordCount\":360,\"commentCount\":0,\"publisher\":{\"@id\":\"https:\/\/professorjuniorgeo.com.br\/inicio\/blog\/#organization\"},\"image\":{\"@id\":\"https:\/\/professorjuniorgeo.com.br\/inicio\/blog\/2015\/10\/28\/nao-podemos-fechar-os-olhos-para-os-problemas-nos-jmpi-diz-vereador-junior-geo\/#primaryimage\"},\"thumbnailUrl\":\"https:\/\/professorjuniorgeo.com.br\/inicio\/blog\/wp-content\/uploads\/2015\/10\/DSC_4899-scaled.jpg\",\"articleSection\":[\"Not\u00edcias\"],\"inLanguage\":\"pt-PT\",\"potentialAction\":[{\"@type\":\"CommentAction\",\"name\":\"Comment\",\"target\":[\"https:\/\/professorjuniorgeo.com.br\/inicio\/blog\/2015\/10\/28\/nao-podemos-fechar-os-olhos-para-os-problemas-nos-jmpi-diz-vereador-junior-geo\/#respond\"]}]},{\"@type\":\"WebPage\",\"@id\":\"https:\/\/professorjuniorgeo.com.br\/inicio\/blog\/2015\/10\/28\/nao-podemos-fechar-os-olhos-para-os-problemas-nos-jmpi-diz-vereador-junior-geo\/\",\"url\":\"https:\/\/professorjuniorgeo.com.br\/inicio\/blog\/2015\/10\/28\/nao-podemos-fechar-os-olhos-para-os-problemas-nos-jmpi-diz-vereador-junior-geo\/\",\"name\":\"\u2018N\u00e3o podemos fechar os olhos para os problemas nos JMPI\u2019, diz vereador J\u00fanior Geo - Junior Geo\",\"isPartOf\":{\"@id\":\"https:\/\/professorjuniorgeo.com.br\/inicio\/blog\/#website\"},\"primaryImageOfPage\":{\"@id\":\"https:\/\/professorjuniorgeo.com.br\/inicio\/blog\/2015\/10\/28\/nao-podemos-fechar-os-olhos-para-os-problemas-nos-jmpi-diz-vereador-junior-geo\/#primaryimage\"},\"image\":{\"@id\":\"https:\/\/professorjuniorgeo.com.br\/inicio\/blog\/2015\/10\/28\/nao-podemos-fechar-os-olhos-para-os-problemas-nos-jmpi-diz-vereador-junior-geo\/#primaryimage\"},\"thumbnailUrl\":\"https:\/\/professorjuniorgeo.com.br\/inicio\/blog\/wp-content\/uploads\/2015\/10\/DSC_4899-scaled.jpg\",\"datePublished\":\"2015-10-28T11:37:53+00:00\",\"breadcrumb\":{\"@id\":\"https:\/\/professorjuniorgeo.com.br\/inicio\/blog\/2015\/10\/28\/nao-podemos-fechar-os-olhos-para-os-problemas-nos-jmpi-diz-vereador-junior-geo\/#breadcrumb\"},\"inLanguage\":\"pt-PT\",\"potentialAction\":[{\"@type\":\"ReadAction\",\"target\":[\"https:\/\/professorjuniorgeo.com.br\/inicio\/blog\/2015\/10\/28\/nao-podemos-fechar-os-olhos-para-os-problemas-nos-jmpi-diz-vereador-junior-geo\/\"]}]},{\"@type\":\"ImageObject\",\"inLanguage\":\"pt-PT\",\"@id\":\"https:\/\/professorjuniorgeo.com.br\/inicio\/blog\/2015\/10\/28\/nao-podemos-fechar-os-olhos-para-os-problemas-nos-jmpi-diz-vereador-junior-geo\/#primaryimage\",\"url\":\"https:\/\/professorjuniorgeo.com.br\/inicio\/blog\/wp-content\/uploads\/2015\/10\/DSC_4899-scaled.jpg\",\"contentUrl\":\"https:\/\/professorjuniorgeo.com.br\/inicio\/blog\/wp-content\/uploads\/2015\/10\/DSC_4899-scaled.jpg\",\"width\":2560,\"height\":1700,\"caption\":\"Foto: Esequias Ara\u00fajo\"},{\"@type\":\"BreadcrumbList\",\"@id\":\"https:\/\/professorjuniorgeo.com.br\/inicio\/blog\/2015\/10\/28\/nao-podemos-fechar-os-olhos-para-os-problemas-nos-jmpi-diz-vereador-junior-geo\/#breadcrumb\",\"itemListElement\":[{\"@type\":\"ListItem\",\"position\":1,\"name\":\"Home\",\"item\":\"https:\/\/professorjuniorgeo.com.br\/inicio\/blog\/\"},{\"@type\":\"ListItem\",\"position\":2,\"name\":\"\u2018N\u00e3o podemos fechar os olhos para os problemas nos JMPI\u2019, diz vereador J\u00fanior Geo\"}]},{\"@type\":\"WebSite\",\"@id\":\"https:\/\/professorjuniorgeo.com.br\/inicio\/blog\/#website\",\"url\":\"https:\/\/professorjuniorgeo.com.br\/inicio\/blog\/\",\"name\":\"Junior Geo Deputado Estadual\",\"description\":\"Professor Junior Geo\",\"publisher\":{\"@id\":\"https:\/\/professorjuniorgeo.com.br\/inicio\/blog\/#organization\"},\"potentialAction\":[{\"@type\":\"SearchAction\",\"target\":{\"@type\":\"EntryPoint\",\"urlTemplate\":\"https:\/\/professorjuniorgeo.com.br\/inicio\/blog\/?s={search_term_string}\"},\"query-input\":{\"@type\":\"PropertyValueSpecification\",\"valueRequired\":true,\"valueName\":\"search_term_string\"}}],\"inLanguage\":\"pt-PT\"},{\"@type\":\"Organization\",\"@id\":\"https:\/\/professorjuniorgeo.com.br\/inicio\/blog\/#organization\",\"name\":\"Junior Geo Deputado Estadual\",\"url\":\"https:\/\/professorjuniorgeo.com.br\/inicio\/blog\/\",\"logo\":{\"@type\":\"ImageObject\",\"inLanguage\":\"pt-PT\",\"@id\":\"https:\/\/professorjuniorgeo.com.br\/inicio\/blog\/#\/schema\/logo\/image\/\",\"url\":\"https:\/\/professorjuniorgeo.com.br\/inicio\/blog\/wp-content\/uploads\/2023\/02\/cropped-logo.png\",\"contentUrl\":\"https:\/\/professorjuniorgeo.com.br\/inicio\/blog\/wp-content\/uploads\/2023\/02\/cropped-logo.png\",\"width\":1736,\"height\":416,\"caption\":\"Junior Geo Deputado Estadual\"},\"image\":{\"@id\":\"https:\/\/professorjuniorgeo.com.br\/inicio\/blog\/#\/schema\/logo\/image\/\"},\"sameAs\":[\"https:\/\/x.com\/prof_juniorgeo\",\"https:\/\/www.instagram.com\/prof_juniorgeo\/\"]},{\"@type\":\"Person\",\"@id\":\"https:\/\/professorjuniorgeo.com.br\/inicio\/blog\/#\/schema\/person\/b410d99e2a067c5581355dacd1508d03\",\"name\":\"Junior Geo\",\"image\":{\"@type\":\"ImageObject\",\"inLanguage\":\"pt-PT\",\"@id\":\"https:\/\/secure.gravatar.com\/avatar\/4a183b8fe59449f23caec60faabe3ad350a91e0b8cdf49ada6b375a741cf53e5?s=96&d=mm&r=g\",\"url\":\"https:\/\/secure.gravatar.com\/avatar\/4a183b8fe59449f23caec60faabe3ad350a91e0b8cdf49ada6b375a741cf53e5?s=96&d=mm&r=g\",\"contentUrl\":\"https:\/\/secure.gravatar.com\/avatar\/4a183b8fe59449f23caec60faabe3ad350a91e0b8cdf49ada6b375a741cf53e5?s=96&d=mm&r=g\",\"caption\":\"Junior Geo\"},\"url\":\"https:\/\/professorjuniorgeo.com.br\/inicio\/blog\/author\/juniorgeo\/\"}]}<\/script>\n<!-- \/ Yoast SEO plugin. -->","yoast_head_json":{"title":"\u2018N\u00e3o podemos fechar os olhos para os problemas nos JMPI\u2019, diz vereador J\u00fanior Geo - Junior Geo","robots":{"index":"index","follow":"follow","max-snippet":"max-snippet:-1","max-image-preview":"max-image-preview:large","max-video-preview":"max-video-preview:-1"},"canonical":"https:\/\/professorjuniorgeo.com.br\/inicio\/blog\/2015\/10\/28\/nao-podemos-fechar-os-olhos-para-os-problemas-nos-jmpi-diz-vereador-junior-geo\/","og_locale":"pt_PT","og_type":"article","og_title":"\u2018N\u00e3o podemos fechar os olhos para os problemas nos JMPI\u2019, diz vereador J\u00fanior Geo - Junior Geo","og_description":"O parlamentar, durante sess\u00e3o ordin\u00e1ria desta ter\u00e7a tamb\u00e9m cobrou o legado do evento esportivo, prometido pela gest\u00e3o municipal Por Camylla Costa As falhas na realiza\u00e7\u00e3o dos Jogos Mundiais dos Povos Ind\u00edgenas (JMPI) foram destacadas pelo vereador professor J\u00fanior Geo (PROS) durante sess\u00e3o ordin\u00e1ria da C\u00e2mara de Palmas nesta ter\u00e7a-feira, 27. O parlamentar chamou aten\u00e7\u00e3o para [&hellip;]","og_url":"https:\/\/professorjuniorgeo.com.br\/inicio\/blog\/2015\/10\/28\/nao-podemos-fechar-os-olhos-para-os-problemas-nos-jmpi-diz-vereador-junior-geo\/","og_site_name":"Junior Geo","article_published_time":"2015-10-28T11:37:53+00:00","og_image":[{"width":2560,"height":1700,"url":"https:\/\/professorjuniorgeo.com.br\/inicio\/blog\/wp-content\/uploads\/2015\/10\/DSC_4899-scaled.jpg","type":"image\/jpeg"}],"author":"Junior Geo","twitter_card":"summary_large_image","twitter_creator":"@prof_juniorgeo","twitter_site":"@prof_juniorgeo","twitter_misc":{"Written by":"Junior Geo","Est. reading time":"2 minutos"},"schema":{"@context":"https:\/\/schema.org","@graph":[{"@type":"Article","@id":"https:\/\/professorjuniorgeo.com.br\/inicio\/blog\/2015\/10\/28\/nao-podemos-fechar-os-olhos-para-os-problemas-nos-jmpi-diz-vereador-junior-geo\/#article","isPartOf":{"@id":"https:\/\/professorjuniorgeo.com.br\/inicio\/blog\/2015\/10\/28\/nao-podemos-fechar-os-olhos-para-os-problemas-nos-jmpi-diz-vereador-junior-geo\/"},"author":{"name":"Junior Geo","@id":"https:\/\/professorjuniorgeo.com.br\/inicio\/blog\/#\/schema\/person\/b410d99e2a067c5581355dacd1508d03"},"headline":"\u2018N\u00e3o podemos fechar os olhos para os problemas nos JMPI\u2019, diz vereador J\u00fanior Geo","datePublished":"2015-10-28T11:37:53+00:00","mainEntityOfPage":{"@id":"https:\/\/professorjuniorgeo.com.br\/inicio\/blog\/2015\/10\/28\/nao-podemos-fechar-os-olhos-para-os-problemas-nos-jmpi-diz-vereador-junior-geo\/"},"wordCount":360,"commentCount":0,"publisher":{"@id":"https:\/\/professorjuniorgeo.com.br\/inicio\/blog\/#organization"},"image":{"@id":"https:\/\/professorjuniorgeo.com.br\/inicio\/blog\/2015\/10\/28\/nao-podemos-fechar-os-olhos-para-os-problemas-nos-jmpi-diz-vereador-junior-geo\/#primaryimage"},"thumbnailUrl":"https:\/\/professorjuniorgeo.com.br\/inicio\/blog\/wp-content\/uploads\/2015\/10\/DSC_4899-scaled.jpg","articleSection":["Not\u00edcias"],"inLanguage":"pt-PT","potentialAction":[{"@type":"CommentAction","name":"Comment","target":["https:\/\/professorjuniorgeo.com.br\/inicio\/blog\/2015\/10\/28\/nao-podemos-fechar-os-olhos-para-os-problemas-nos-jmpi-diz-vereador-junior-geo\/#respond"]}]},{"@type":"WebPage","@id":"https:\/\/professorjuniorgeo.com.br\/inicio\/blog\/2015\/10\/28\/nao-podemos-fechar-os-olhos-para-os-problemas-nos-jmpi-diz-vereador-junior-geo\/","url":"https:\/\/professorjuniorgeo.com.br\/inicio\/blog\/2015\/10\/28\/nao-podemos-fechar-os-olhos-para-os-problemas-nos-jmpi-diz-vereador-junior-geo\/","name":"\u2018N\u00e3o podemos fechar os olhos para os problemas nos JMPI\u2019, diz vereador J\u00fanior Geo - Junior Geo","isPartOf":{"@id":"https:\/\/professorjuniorgeo.com.br\/inicio\/blog\/#website"},"primaryImageOfPage":{"@id":"https:\/\/professorjuniorgeo.com.br\/inicio\/blog\/2015\/10\/28\/nao-podemos-fechar-os-olhos-para-os-problemas-nos-jmpi-diz-vereador-junior-geo\/#primaryimage"},"image":{"@id":"https:\/\/professorjuniorgeo.com.br\/inicio\/blog\/2015\/10\/28\/nao-podemos-fechar-os-olhos-para-os-problemas-nos-jmpi-diz-vereador-junior-geo\/#primaryimage"},"thumbnailUrl":"https:\/\/professorjuniorgeo.com.br\/inicio\/blog\/wp-content\/uploads\/2015\/10\/DSC_4899-scaled.jpg","datePublished":"2015-10-28T11:37:53+00:00","breadcrumb":{"@id":"https:\/\/professorjuniorgeo.com.br\/inicio\/blog\/2015\/10\/28\/nao-podemos-fechar-os-olhos-para-os-problemas-nos-jmpi-diz-vereador-junior-geo\/#breadcrumb"},"inLanguage":"pt-PT","potentialAction":[{"@type":"ReadAction","target":["https:\/\/professorjuniorgeo.com.br\/inicio\/blog\/2015\/10\/28\/nao-podemos-fechar-os-olhos-para-os-problemas-nos-jmpi-diz-vereador-junior-geo\/"]}]},{"@type":"ImageObject","inLanguage":"pt-PT","@id":"https:\/\/professorjuniorgeo.com.br\/inicio\/blog\/2015\/10\/28\/nao-podemos-fechar-os-olhos-para-os-problemas-nos-jmpi-diz-vereador-junior-geo\/#primaryimage","url":"https:\/\/professorjuniorgeo.com.br\/inicio\/blog\/wp-content\/uploads\/2015\/10\/DSC_4899-scaled.jpg","contentUrl":"https:\/\/professorjuniorgeo.com.br\/inicio\/blog\/wp-content\/uploads\/2015\/10\/DSC_4899-scaled.jpg","width":2560,"height":1700,"caption":"Foto: Esequias Ara\u00fajo"},{"@type":"BreadcrumbList","@id":"https:\/\/professorjuniorgeo.com.br\/inicio\/blog\/2015\/10\/28\/nao-podemos-fechar-os-olhos-para-os-problemas-nos-jmpi-diz-vereador-junior-geo\/#breadcrumb","itemListElement":[{"@type":"ListItem","position":1,"name":"Home","item":"https:\/\/professorjuniorgeo.com.br\/inicio\/blog\/"},{"@type":"ListItem","position":2,"name":"\u2018N\u00e3o podemos fechar os olhos para os problemas nos JMPI\u2019, diz vereador J\u00fanior Geo"}]},{"@type":"WebSite","@id":"https:\/\/professorjuniorgeo.com.br\/inicio\/blog\/#website","url":"https:\/\/professorjuniorgeo.com.br\/inicio\/blog\/","name":"Junior Geo Deputado Estadual","description":"Professor Junior Geo","publisher":{"@id":"https:\/\/professorjuniorgeo.com.br\/inicio\/blog\/#organization"},"potentialAction":[{"@type":"SearchAction","target":{"@type":"EntryPoint","urlTemplate":"https:\/\/professorjuniorgeo.com.br\/inicio\/blog\/?s={search_term_string}"},"query-input":{"@type":"PropertyValueSpecification","valueRequired":true,"valueName":"search_term_string"}}],"inLanguage":"pt-PT"},{"@type":"Organization","@id":"https:\/\/professorjuniorgeo.com.br\/inicio\/blog\/#organization","name":"Junior Geo Deputado Estadual","url":"https:\/\/professorjuniorgeo.com.br\/inicio\/blog\/","logo":{"@type":"ImageObject","inLanguage":"pt-PT","@id":"https:\/\/professorjuniorgeo.com.br\/inicio\/blog\/#\/schema\/logo\/image\/","url":"https:\/\/professorjuniorgeo.com.br\/inicio\/blog\/wp-content\/uploads\/2023\/02\/cropped-logo.png","contentUrl":"https:\/\/professorjuniorgeo.com.br\/inicio\/blog\/wp-content\/uploads\/2023\/02\/cropped-logo.png","width":1736,"height":416,"caption":"Junior Geo Deputado Estadual"},"image":{"@id":"https:\/\/professorjuniorgeo.com.br\/inicio\/blog\/#\/schema\/logo\/image\/"},"sameAs":["https:\/\/x.com\/prof_juniorgeo","https:\/\/www.instagram.com\/prof_juniorgeo\/"]},{"@type":"Person","@id":"https:\/\/professorjuniorgeo.com.br\/inicio\/blog\/#\/schema\/person\/b410d99e2a067c5581355dacd1508d03","name":"Junior Geo","image":{"@type":"ImageObject","inLanguage":"pt-PT","@id":"https:\/\/secure.gravatar.com\/avatar\/4a183b8fe59449f23caec60faabe3ad350a91e0b8cdf49ada6b375a741cf53e5?s=96&d=mm&r=g","url":"https:\/\/secure.gravatar.com\/avatar\/4a183b8fe59449f23caec60faabe3ad350a91e0b8cdf49ada6b375a741cf53e5?s=96&d=mm&r=g","contentUrl":"https:\/\/secure.gravatar.com\/avatar\/4a183b8fe59449f23caec60faabe3ad350a91e0b8cdf49ada6b375a741cf53e5?s=96&d=mm&r=g","caption":"Junior Geo"},"url":"https:\/\/professorjuniorgeo.com.br\/inicio\/blog\/author\/juniorgeo\/"}]}},"_links":{"self":[{"href":"https:\/\/professorjuniorgeo.com.br\/inicio\/blog\/wp-json\/wp\/v2\/posts\/924","targetHints":{"allow":["GET"]}}],"collection":[{"href":"https:\/\/professorjuniorgeo.com.br\/inicio\/blog\/wp-json\/wp\/v2\/posts"}],"about":[{"href":"https:\/\/professorjuniorgeo.com.br\/inicio\/blog\/wp-json\/wp\/v2\/types\/post"}],"author":[{"embeddable":true,"href":"https:\/\/professorjuniorgeo.com.br\/inicio\/blog\/wp-json\/wp\/v2\/users\/3"}],"replies":[{"embeddable":true,"href":"https:\/\/professorjuniorgeo.com.br\/inicio\/blog\/wp-json\/wp\/v2\/comments?post=924"}],"version-history":[{"count":0,"href":"https:\/\/professorjuniorgeo.com.br\/inicio\/blog\/wp-json\/wp\/v2\/posts\/924\/revisions"}],"wp:featuredmedia":[{"embeddable":true,"href":"https:\/\/professorjuniorgeo.com.br\/inicio\/blog\/wp-json\/wp\/v2\/media\/925"}],"wp:attachment":[{"href":"https:\/\/professorjuniorgeo.com.br\/inicio\/blog\/wp-json\/wp\/v2\/media?parent=924"}],"wp:term":[{"taxonomy":"category","embeddable":true,"href":"https:\/\/professorjuniorgeo.com.br\/inicio\/blog\/wp-json\/wp\/v2\/categories?post=924"},{"taxonomy":"post_tag","embeddable":true,"href":"https:\/\/professorjuniorgeo.com.br\/inicio\/blog\/wp-json\/wp\/v2\/tags?post=924"}],"curies":[{"name":"wp","href":"https:\/\/api.w.org\/{rel}","templated":true}]}}