{"id":928,"date":"2015-10-28T11:31:13","date_gmt":"2015-10-28T14:31:13","guid":{"rendered":"http:\/\/professorjuniorgeo.com.br\/portal\/?p=928"},"modified":"2015-10-28T11:31:13","modified_gmt":"2015-10-28T14:31:13","slug":"junior-geo-pede-a-camara-de-palmas-que-convoque-secretario-de-acessibilidade-mobilidade-transito-e-transporte-a-prestar-contas","status":"publish","type":"post","link":"https:\/\/professorjuniorgeo.com.br\/inicio\/blog\/2015\/10\/28\/junior-geo-pede-a-camara-de-palmas-que-convoque-secretario-de-acessibilidade-mobilidade-transito-e-transporte-a-prestar-contas\/","title":{"rendered":"J\u00fanior Geo pede \u00e0 C\u00e2mara de Palmas que convoque secret\u00e1rio de Acessibilidade, Mobilidade, Tr\u00e2nsito e Transporte a prestar contas\u00a0"},"content":{"rendered":"<p style=\"text-align: center;\"><em>O parlamentar sugeriu \u00e0 Casa de Leis que o gestor da pasta justifique os recentes investimentos<\/em><\/p>\n<p><em>Por Camylla Costa<\/em><\/p>\n<p>Durante a sess\u00e3o ordin\u00e1ria desta quarta-feira, 28, o vereador professor J\u00fanior Geo pediu \u00e0 C\u00e2mara de Palmas que convoque o secret\u00e1rio de Acessibilidade, Mobilidade, Tr\u00e2nsito e Transporte da Capital, Christian Zini, a prestar contas na Casa de Leis. De acordo com o parlamentar, \u00e9 preciso avaliar a real necessidade dos recentes gastos da pasta, considerando o atual cen\u00e1rio de crise.<\/p>\n<p>\u201cO Pa\u00eds, o Estado e nossa cidade est\u00e3o passando por um momento economicamente dif\u00edcil. Ent\u00e3o precisamos conter gastos. Por\u00e9m, vemos a atual gest\u00e3o investir mais de um milh\u00e3o em loca\u00e7\u00e3o de pain\u00e9is de mensagens\u201d, questionou Geo, refor\u00e7ando que como cidad\u00e3o palmense e contribuinte quer entender como est\u00e1 sendo gerido o dinheiro p\u00fablico na pasta.<\/p>\n<p>Ainda segundo ele, a fim de dar transpar\u00eancia aos gastos e investimentos da gest\u00e3o, \u00e9 preciso convidar o respons\u00e1vel pela secretaria a prestar contas na Casa de Leis. \u201cSugiro que o secret\u00e1rio Christian Zini venha \u00e0 C\u00e2mara para justificar e apresentar como o dinheiro tem sido gerido\u201d, recomendou.<\/p>\n<p><strong>Investimentos<\/strong><\/p>\n<p>A atual gest\u00e3o tem afirmado cortar gastos desnecess\u00e1rios. No entanto, foi publicado no Di\u00e1rio Oficial do Munic\u00edpio um aviso de licita\u00e7\u00e3o, no qual a gest\u00e3o contrata uma empresa especializada na presta\u00e7\u00e3o de servi\u00e7os de loca\u00e7\u00e3o, instala\u00e7\u00e3o, manuten\u00e7\u00e3o, deslocamento e suporte t\u00e9cnico de 12 equipamentos denominados pain\u00e9is de mensagens vari\u00e1veis m\u00f3veis. No documento consta que o contrato no valor de R$ 1.360.800,00 foi firmado com a Environmental Project Management Consultoria Ltda.<\/p>\n<p>&nbsp;<\/p>\n","protected":false},"excerpt":{"rendered":"<p>O parlamentar sugeriu \u00e0 Casa de Leis que o gestor da pasta justifique os recentes investimentos Por Camylla Costa Durante a sess\u00e3o ordin\u00e1ria desta quarta-feira, 28, o vereador professor J\u00fanior Geo pediu \u00e0 C\u00e2mara de Palmas que convoque o secret\u00e1rio de Acessibilidade, Mobilidade, Tr\u00e2nsito e Transporte da Capital, Christian Zini, a prestar contas na Casa [&hellip;]<\/p>\n","protected":false},"author":3,"featured_media":929,"comment_status":"open","ping_status":"open","sticky":false,"template":"","format":"standard","meta":{"ngg_post_thumbnail":0,"footnotes":"","_links_to":"","_links_to_target":""},"categories":[23],"tags":[],"class_list":{"0":"post-928","1":"post","2":"type-post","3":"status-publish","4":"format-standard","5":"has-post-thumbnail","7":"category-noticias"},"yoast_head":"<!-- This site is optimized with the Yoast SEO plugin v27.2 - https:\/\/yoast.com\/product\/yoast-seo-wordpress\/ -->\n<title>J\u00fanior Geo pede \u00e0 C\u00e2mara de Palmas que convoque secret\u00e1rio de Acessibilidade, Mobilidade, Tr\u00e2nsito e Transporte a prestar contas\u00a0 - Junior Geo<\/title>\n<meta name=\"robots\" content=\"index, follow, max-snippet:-1, max-image-preview:large, max-video-preview:-1\" \/>\n<link rel=\"canonical\" href=\"https:\/\/professorjuniorgeo.com.br\/inicio\/blog\/2015\/10\/28\/junior-geo-pede-a-camara-de-palmas-que-convoque-secretario-de-acessibilidade-mobilidade-transito-e-transporte-a-prestar-contas\/\" \/>\n<meta property=\"og:locale\" content=\"pt_PT\" \/>\n<meta property=\"og:type\" content=\"article\" \/>\n<meta property=\"og:title\" content=\"J\u00fanior Geo pede \u00e0 C\u00e2mara de Palmas que convoque secret\u00e1rio de Acessibilidade, Mobilidade, Tr\u00e2nsito e Transporte a prestar contas\u00a0 - Junior Geo\" \/>\n<meta property=\"og:description\" content=\"O parlamentar sugeriu \u00e0 Casa de Leis que o gestor da pasta justifique os recentes investimentos Por Camylla Costa Durante a sess\u00e3o ordin\u00e1ria desta quarta-feira, 28, o vereador professor J\u00fanior Geo pediu \u00e0 C\u00e2mara de Palmas que convoque o secret\u00e1rio de Acessibilidade, Mobilidade, Tr\u00e2nsito e Transporte da Capital, Christian Zini, a prestar contas na Casa [&hellip;]\" \/>\n<meta property=\"og:url\" content=\"https:\/\/professorjuniorgeo.com.br\/inicio\/blog\/2015\/10\/28\/junior-geo-pede-a-camara-de-palmas-que-convoque-secretario-de-acessibilidade-mobilidade-transito-e-transporte-a-prestar-contas\/\" \/>\n<meta property=\"og:site_name\" content=\"Junior Geo\" \/>\n<meta property=\"article:published_time\" content=\"2015-10-28T14:31:13+00:00\" \/>\n<meta name=\"author\" content=\"Junior Geo\" \/>\n<meta name=\"twitter:card\" content=\"summary_large_image\" \/>\n<meta name=\"twitter:creator\" content=\"@prof_juniorgeo\" \/>\n<meta name=\"twitter:site\" content=\"@prof_juniorgeo\" \/>\n<meta name=\"twitter:label1\" content=\"Written by\" \/>\n\t<meta name=\"twitter:data1\" content=\"Junior Geo\" \/>\n\t<meta name=\"twitter:label2\" content=\"Est. reading time\" \/>\n\t<meta name=\"twitter:data2\" content=\"1 minuto\" \/>\n<script type=\"application\/ld+json\" class=\"yoast-schema-graph\">{\"@context\":\"https:\/\/schema.org\",\"@graph\":[{\"@type\":\"Article\",\"@id\":\"https:\/\/professorjuniorgeo.com.br\/inicio\/blog\/2015\/10\/28\/junior-geo-pede-a-camara-de-palmas-que-convoque-secretario-de-acessibilidade-mobilidade-transito-e-transporte-a-prestar-contas\/#article\",\"isPartOf\":{\"@id\":\"https:\/\/professorjuniorgeo.com.br\/inicio\/blog\/2015\/10\/28\/junior-geo-pede-a-camara-de-palmas-que-convoque-secretario-de-acessibilidade-mobilidade-transito-e-transporte-a-prestar-contas\/\"},\"author\":{\"name\":\"Junior Geo\",\"@id\":\"https:\/\/professorjuniorgeo.com.br\/inicio\/blog\/#\/schema\/person\/b410d99e2a067c5581355dacd1508d03\"},\"headline\":\"J\u00fanior Geo pede \u00e0 C\u00e2mara de Palmas que convoque secret\u00e1rio de Acessibilidade, Mobilidade, Tr\u00e2nsito e Transporte a prestar contas\u00a0\",\"datePublished\":\"2015-10-28T14:31:13+00:00\",\"mainEntityOfPage\":{\"@id\":\"https:\/\/professorjuniorgeo.com.br\/inicio\/blog\/2015\/10\/28\/junior-geo-pede-a-camara-de-palmas-que-convoque-secretario-de-acessibilidade-mobilidade-transito-e-transporte-a-prestar-contas\/\"},\"wordCount\":306,\"commentCount\":1,\"publisher\":{\"@id\":\"https:\/\/professorjuniorgeo.com.br\/inicio\/blog\/#organization\"},\"image\":{\"@id\":\"https:\/\/professorjuniorgeo.com.br\/inicio\/blog\/2015\/10\/28\/junior-geo-pede-a-camara-de-palmas-que-convoque-secretario-de-acessibilidade-mobilidade-transito-e-transporte-a-prestar-contas\/#primaryimage\"},\"thumbnailUrl\":\"\",\"articleSection\":[\"Not\u00edcias\"],\"inLanguage\":\"pt-PT\",\"potentialAction\":[{\"@type\":\"CommentAction\",\"name\":\"Comment\",\"target\":[\"https:\/\/professorjuniorgeo.com.br\/inicio\/blog\/2015\/10\/28\/junior-geo-pede-a-camara-de-palmas-que-convoque-secretario-de-acessibilidade-mobilidade-transito-e-transporte-a-prestar-contas\/#respond\"]}]},{\"@type\":\"WebPage\",\"@id\":\"https:\/\/professorjuniorgeo.com.br\/inicio\/blog\/2015\/10\/28\/junior-geo-pede-a-camara-de-palmas-que-convoque-secretario-de-acessibilidade-mobilidade-transito-e-transporte-a-prestar-contas\/\",\"url\":\"https:\/\/professorjuniorgeo.com.br\/inicio\/blog\/2015\/10\/28\/junior-geo-pede-a-camara-de-palmas-que-convoque-secretario-de-acessibilidade-mobilidade-transito-e-transporte-a-prestar-contas\/\",\"name\":\"J\u00fanior Geo pede \u00e0 C\u00e2mara de Palmas que convoque secret\u00e1rio de Acessibilidade, Mobilidade, Tr\u00e2nsito e Transporte a prestar contas\u00a0 - Junior Geo\",\"isPartOf\":{\"@id\":\"https:\/\/professorjuniorgeo.com.br\/inicio\/blog\/#website\"},\"primaryImageOfPage\":{\"@id\":\"https:\/\/professorjuniorgeo.com.br\/inicio\/blog\/2015\/10\/28\/junior-geo-pede-a-camara-de-palmas-que-convoque-secretario-de-acessibilidade-mobilidade-transito-e-transporte-a-prestar-contas\/#primaryimage\"},\"image\":{\"@id\":\"https:\/\/professorjuniorgeo.com.br\/inicio\/blog\/2015\/10\/28\/junior-geo-pede-a-camara-de-palmas-que-convoque-secretario-de-acessibilidade-mobilidade-transito-e-transporte-a-prestar-contas\/#primaryimage\"},\"thumbnailUrl\":\"\",\"datePublished\":\"2015-10-28T14:31:13+00:00\",\"breadcrumb\":{\"@id\":\"https:\/\/professorjuniorgeo.com.br\/inicio\/blog\/2015\/10\/28\/junior-geo-pede-a-camara-de-palmas-que-convoque-secretario-de-acessibilidade-mobilidade-transito-e-transporte-a-prestar-contas\/#breadcrumb\"},\"inLanguage\":\"pt-PT\",\"potentialAction\":[{\"@type\":\"ReadAction\",\"target\":[\"https:\/\/professorjuniorgeo.com.br\/inicio\/blog\/2015\/10\/28\/junior-geo-pede-a-camara-de-palmas-que-convoque-secretario-de-acessibilidade-mobilidade-transito-e-transporte-a-prestar-contas\/\"]}]},{\"@type\":\"ImageObject\",\"inLanguage\":\"pt-PT\",\"@id\":\"https:\/\/professorjuniorgeo.com.br\/inicio\/blog\/2015\/10\/28\/junior-geo-pede-a-camara-de-palmas-que-convoque-secretario-de-acessibilidade-mobilidade-transito-e-transporte-a-prestar-contas\/#primaryimage\",\"url\":\"\",\"contentUrl\":\"\"},{\"@type\":\"BreadcrumbList\",\"@id\":\"https:\/\/professorjuniorgeo.com.br\/inicio\/blog\/2015\/10\/28\/junior-geo-pede-a-camara-de-palmas-que-convoque-secretario-de-acessibilidade-mobilidade-transito-e-transporte-a-prestar-contas\/#breadcrumb\",\"itemListElement\":[{\"@type\":\"ListItem\",\"position\":1,\"name\":\"Home\",\"item\":\"https:\/\/professorjuniorgeo.com.br\/inicio\/blog\/\"},{\"@type\":\"ListItem\",\"position\":2,\"name\":\"J\u00fanior Geo pede \u00e0 C\u00e2mara de Palmas que convoque secret\u00e1rio de Acessibilidade, Mobilidade, Tr\u00e2nsito e Transporte a prestar contas\u00a0\"}]},{\"@type\":\"WebSite\",\"@id\":\"https:\/\/professorjuniorgeo.com.br\/inicio\/blog\/#website\",\"url\":\"https:\/\/professorjuniorgeo.com.br\/inicio\/blog\/\",\"name\":\"Junior Geo Deputado Estadual\",\"description\":\"Professor Junior Geo\",\"publisher\":{\"@id\":\"https:\/\/professorjuniorgeo.com.br\/inicio\/blog\/#organization\"},\"potentialAction\":[{\"@type\":\"SearchAction\",\"target\":{\"@type\":\"EntryPoint\",\"urlTemplate\":\"https:\/\/professorjuniorgeo.com.br\/inicio\/blog\/?s={search_term_string}\"},\"query-input\":{\"@type\":\"PropertyValueSpecification\",\"valueRequired\":true,\"valueName\":\"search_term_string\"}}],\"inLanguage\":\"pt-PT\"},{\"@type\":\"Organization\",\"@id\":\"https:\/\/professorjuniorgeo.com.br\/inicio\/blog\/#organization\",\"name\":\"Junior Geo Deputado Estadual\",\"url\":\"https:\/\/professorjuniorgeo.com.br\/inicio\/blog\/\",\"logo\":{\"@type\":\"ImageObject\",\"inLanguage\":\"pt-PT\",\"@id\":\"https:\/\/professorjuniorgeo.com.br\/inicio\/blog\/#\/schema\/logo\/image\/\",\"url\":\"https:\/\/professorjuniorgeo.com.br\/inicio\/blog\/wp-content\/uploads\/2023\/02\/cropped-logo.png\",\"contentUrl\":\"https:\/\/professorjuniorgeo.com.br\/inicio\/blog\/wp-content\/uploads\/2023\/02\/cropped-logo.png\",\"width\":1736,\"height\":416,\"caption\":\"Junior Geo Deputado Estadual\"},\"image\":{\"@id\":\"https:\/\/professorjuniorgeo.com.br\/inicio\/blog\/#\/schema\/logo\/image\/\"},\"sameAs\":[\"https:\/\/x.com\/prof_juniorgeo\",\"https:\/\/www.instagram.com\/prof_juniorgeo\/\"]},{\"@type\":\"Person\",\"@id\":\"https:\/\/professorjuniorgeo.com.br\/inicio\/blog\/#\/schema\/person\/b410d99e2a067c5581355dacd1508d03\",\"name\":\"Junior Geo\",\"image\":{\"@type\":\"ImageObject\",\"inLanguage\":\"pt-PT\",\"@id\":\"https:\/\/secure.gravatar.com\/avatar\/4a183b8fe59449f23caec60faabe3ad350a91e0b8cdf49ada6b375a741cf53e5?s=96&d=mm&r=g\",\"url\":\"https:\/\/secure.gravatar.com\/avatar\/4a183b8fe59449f23caec60faabe3ad350a91e0b8cdf49ada6b375a741cf53e5?s=96&d=mm&r=g\",\"contentUrl\":\"https:\/\/secure.gravatar.com\/avatar\/4a183b8fe59449f23caec60faabe3ad350a91e0b8cdf49ada6b375a741cf53e5?s=96&d=mm&r=g\",\"caption\":\"Junior Geo\"},\"url\":\"https:\/\/professorjuniorgeo.com.br\/inicio\/blog\/author\/juniorgeo\/\"}]}<\/script>\n<!-- \/ Yoast SEO plugin. -->","yoast_head_json":{"title":"J\u00fanior Geo pede \u00e0 C\u00e2mara de Palmas que convoque secret\u00e1rio de Acessibilidade, Mobilidade, Tr\u00e2nsito e Transporte a prestar contas\u00a0 - Junior Geo","robots":{"index":"index","follow":"follow","max-snippet":"max-snippet:-1","max-image-preview":"max-image-preview:large","max-video-preview":"max-video-preview:-1"},"canonical":"https:\/\/professorjuniorgeo.com.br\/inicio\/blog\/2015\/10\/28\/junior-geo-pede-a-camara-de-palmas-que-convoque-secretario-de-acessibilidade-mobilidade-transito-e-transporte-a-prestar-contas\/","og_locale":"pt_PT","og_type":"article","og_title":"J\u00fanior Geo pede \u00e0 C\u00e2mara de Palmas que convoque secret\u00e1rio de Acessibilidade, Mobilidade, Tr\u00e2nsito e Transporte a prestar contas\u00a0 - Junior Geo","og_description":"O parlamentar sugeriu \u00e0 Casa de Leis que o gestor da pasta justifique os recentes investimentos Por Camylla Costa Durante a sess\u00e3o ordin\u00e1ria desta quarta-feira, 28, o vereador professor J\u00fanior Geo pediu \u00e0 C\u00e2mara de Palmas que convoque o secret\u00e1rio de Acessibilidade, Mobilidade, Tr\u00e2nsito e Transporte da Capital, Christian Zini, a prestar contas na Casa [&hellip;]","og_url":"https:\/\/professorjuniorgeo.com.br\/inicio\/blog\/2015\/10\/28\/junior-geo-pede-a-camara-de-palmas-que-convoque-secretario-de-acessibilidade-mobilidade-transito-e-transporte-a-prestar-contas\/","og_site_name":"Junior Geo","article_published_time":"2015-10-28T14:31:13+00:00","author":"Junior Geo","twitter_card":"summary_large_image","twitter_creator":"@prof_juniorgeo","twitter_site":"@prof_juniorgeo","twitter_misc":{"Written by":"Junior Geo","Est. reading time":"1 minuto"},"schema":{"@context":"https:\/\/schema.org","@graph":[{"@type":"Article","@id":"https:\/\/professorjuniorgeo.com.br\/inicio\/blog\/2015\/10\/28\/junior-geo-pede-a-camara-de-palmas-que-convoque-secretario-de-acessibilidade-mobilidade-transito-e-transporte-a-prestar-contas\/#article","isPartOf":{"@id":"https:\/\/professorjuniorgeo.com.br\/inicio\/blog\/2015\/10\/28\/junior-geo-pede-a-camara-de-palmas-que-convoque-secretario-de-acessibilidade-mobilidade-transito-e-transporte-a-prestar-contas\/"},"author":{"name":"Junior Geo","@id":"https:\/\/professorjuniorgeo.com.br\/inicio\/blog\/#\/schema\/person\/b410d99e2a067c5581355dacd1508d03"},"headline":"J\u00fanior Geo pede \u00e0 C\u00e2mara de Palmas que convoque secret\u00e1rio de Acessibilidade, Mobilidade, Tr\u00e2nsito e Transporte a prestar contas\u00a0","datePublished":"2015-10-28T14:31:13+00:00","mainEntityOfPage":{"@id":"https:\/\/professorjuniorgeo.com.br\/inicio\/blog\/2015\/10\/28\/junior-geo-pede-a-camara-de-palmas-que-convoque-secretario-de-acessibilidade-mobilidade-transito-e-transporte-a-prestar-contas\/"},"wordCount":306,"commentCount":1,"publisher":{"@id":"https:\/\/professorjuniorgeo.com.br\/inicio\/blog\/#organization"},"image":{"@id":"https:\/\/professorjuniorgeo.com.br\/inicio\/blog\/2015\/10\/28\/junior-geo-pede-a-camara-de-palmas-que-convoque-secretario-de-acessibilidade-mobilidade-transito-e-transporte-a-prestar-contas\/#primaryimage"},"thumbnailUrl":"","articleSection":["Not\u00edcias"],"inLanguage":"pt-PT","potentialAction":[{"@type":"CommentAction","name":"Comment","target":["https:\/\/professorjuniorgeo.com.br\/inicio\/blog\/2015\/10\/28\/junior-geo-pede-a-camara-de-palmas-que-convoque-secretario-de-acessibilidade-mobilidade-transito-e-transporte-a-prestar-contas\/#respond"]}]},{"@type":"WebPage","@id":"https:\/\/professorjuniorgeo.com.br\/inicio\/blog\/2015\/10\/28\/junior-geo-pede-a-camara-de-palmas-que-convoque-secretario-de-acessibilidade-mobilidade-transito-e-transporte-a-prestar-contas\/","url":"https:\/\/professorjuniorgeo.com.br\/inicio\/blog\/2015\/10\/28\/junior-geo-pede-a-camara-de-palmas-que-convoque-secretario-de-acessibilidade-mobilidade-transito-e-transporte-a-prestar-contas\/","name":"J\u00fanior Geo pede \u00e0 C\u00e2mara de Palmas que convoque secret\u00e1rio de Acessibilidade, Mobilidade, Tr\u00e2nsito e Transporte a prestar contas\u00a0 - Junior Geo","isPartOf":{"@id":"https:\/\/professorjuniorgeo.com.br\/inicio\/blog\/#website"},"primaryImageOfPage":{"@id":"https:\/\/professorjuniorgeo.com.br\/inicio\/blog\/2015\/10\/28\/junior-geo-pede-a-camara-de-palmas-que-convoque-secretario-de-acessibilidade-mobilidade-transito-e-transporte-a-prestar-contas\/#primaryimage"},"image":{"@id":"https:\/\/professorjuniorgeo.com.br\/inicio\/blog\/2015\/10\/28\/junior-geo-pede-a-camara-de-palmas-que-convoque-secretario-de-acessibilidade-mobilidade-transito-e-transporte-a-prestar-contas\/#primaryimage"},"thumbnailUrl":"","datePublished":"2015-10-28T14:31:13+00:00","breadcrumb":{"@id":"https:\/\/professorjuniorgeo.com.br\/inicio\/blog\/2015\/10\/28\/junior-geo-pede-a-camara-de-palmas-que-convoque-secretario-de-acessibilidade-mobilidade-transito-e-transporte-a-prestar-contas\/#breadcrumb"},"inLanguage":"pt-PT","potentialAction":[{"@type":"ReadAction","target":["https:\/\/professorjuniorgeo.com.br\/inicio\/blog\/2015\/10\/28\/junior-geo-pede-a-camara-de-palmas-que-convoque-secretario-de-acessibilidade-mobilidade-transito-e-transporte-a-prestar-contas\/"]}]},{"@type":"ImageObject","inLanguage":"pt-PT","@id":"https:\/\/professorjuniorgeo.com.br\/inicio\/blog\/2015\/10\/28\/junior-geo-pede-a-camara-de-palmas-que-convoque-secretario-de-acessibilidade-mobilidade-transito-e-transporte-a-prestar-contas\/#primaryimage","url":"","contentUrl":""},{"@type":"BreadcrumbList","@id":"https:\/\/professorjuniorgeo.com.br\/inicio\/blog\/2015\/10\/28\/junior-geo-pede-a-camara-de-palmas-que-convoque-secretario-de-acessibilidade-mobilidade-transito-e-transporte-a-prestar-contas\/#breadcrumb","itemListElement":[{"@type":"ListItem","position":1,"name":"Home","item":"https:\/\/professorjuniorgeo.com.br\/inicio\/blog\/"},{"@type":"ListItem","position":2,"name":"J\u00fanior Geo pede \u00e0 C\u00e2mara de Palmas que convoque secret\u00e1rio de Acessibilidade, Mobilidade, Tr\u00e2nsito e Transporte a prestar contas\u00a0"}]},{"@type":"WebSite","@id":"https:\/\/professorjuniorgeo.com.br\/inicio\/blog\/#website","url":"https:\/\/professorjuniorgeo.com.br\/inicio\/blog\/","name":"Junior Geo Deputado Estadual","description":"Professor Junior Geo","publisher":{"@id":"https:\/\/professorjuniorgeo.com.br\/inicio\/blog\/#organization"},"potentialAction":[{"@type":"SearchAction","target":{"@type":"EntryPoint","urlTemplate":"https:\/\/professorjuniorgeo.com.br\/inicio\/blog\/?s={search_term_string}"},"query-input":{"@type":"PropertyValueSpecification","valueRequired":true,"valueName":"search_term_string"}}],"inLanguage":"pt-PT"},{"@type":"Organization","@id":"https:\/\/professorjuniorgeo.com.br\/inicio\/blog\/#organization","name":"Junior Geo Deputado Estadual","url":"https:\/\/professorjuniorgeo.com.br\/inicio\/blog\/","logo":{"@type":"ImageObject","inLanguage":"pt-PT","@id":"https:\/\/professorjuniorgeo.com.br\/inicio\/blog\/#\/schema\/logo\/image\/","url":"https:\/\/professorjuniorgeo.com.br\/inicio\/blog\/wp-content\/uploads\/2023\/02\/cropped-logo.png","contentUrl":"https:\/\/professorjuniorgeo.com.br\/inicio\/blog\/wp-content\/uploads\/2023\/02\/cropped-logo.png","width":1736,"height":416,"caption":"Junior Geo Deputado Estadual"},"image":{"@id":"https:\/\/professorjuniorgeo.com.br\/inicio\/blog\/#\/schema\/logo\/image\/"},"sameAs":["https:\/\/x.com\/prof_juniorgeo","https:\/\/www.instagram.com\/prof_juniorgeo\/"]},{"@type":"Person","@id":"https:\/\/professorjuniorgeo.com.br\/inicio\/blog\/#\/schema\/person\/b410d99e2a067c5581355dacd1508d03","name":"Junior Geo","image":{"@type":"ImageObject","inLanguage":"pt-PT","@id":"https:\/\/secure.gravatar.com\/avatar\/4a183b8fe59449f23caec60faabe3ad350a91e0b8cdf49ada6b375a741cf53e5?s=96&d=mm&r=g","url":"https:\/\/secure.gravatar.com\/avatar\/4a183b8fe59449f23caec60faabe3ad350a91e0b8cdf49ada6b375a741cf53e5?s=96&d=mm&r=g","contentUrl":"https:\/\/secure.gravatar.com\/avatar\/4a183b8fe59449f23caec60faabe3ad350a91e0b8cdf49ada6b375a741cf53e5?s=96&d=mm&r=g","caption":"Junior Geo"},"url":"https:\/\/professorjuniorgeo.com.br\/inicio\/blog\/author\/juniorgeo\/"}]}},"_links":{"self":[{"href":"https:\/\/professorjuniorgeo.com.br\/inicio\/blog\/wp-json\/wp\/v2\/posts\/928","targetHints":{"allow":["GET"]}}],"collection":[{"href":"https:\/\/professorjuniorgeo.com.br\/inicio\/blog\/wp-json\/wp\/v2\/posts"}],"about":[{"href":"https:\/\/professorjuniorgeo.com.br\/inicio\/blog\/wp-json\/wp\/v2\/types\/post"}],"author":[{"embeddable":true,"href":"https:\/\/professorjuniorgeo.com.br\/inicio\/blog\/wp-json\/wp\/v2\/users\/3"}],"replies":[{"embeddable":true,"href":"https:\/\/professorjuniorgeo.com.br\/inicio\/blog\/wp-json\/wp\/v2\/comments?post=928"}],"version-history":[{"count":0,"href":"https:\/\/professorjuniorgeo.com.br\/inicio\/blog\/wp-json\/wp\/v2\/posts\/928\/revisions"}],"wp:featuredmedia":[{"embeddable":true,"href":"https:\/\/professorjuniorgeo.com.br\/inicio\/blog\/wp-json\/"}],"wp:attachment":[{"href":"https:\/\/professorjuniorgeo.com.br\/inicio\/blog\/wp-json\/wp\/v2\/media?parent=928"}],"wp:term":[{"taxonomy":"category","embeddable":true,"href":"https:\/\/professorjuniorgeo.com.br\/inicio\/blog\/wp-json\/wp\/v2\/categories?post=928"},{"taxonomy":"post_tag","embeddable":true,"href":"https:\/\/professorjuniorgeo.com.br\/inicio\/blog\/wp-json\/wp\/v2\/tags?post=928"}],"curies":[{"name":"wp","href":"https:\/\/api.w.org\/{rel}","templated":true}]}}