{"id":932,"date":"2015-10-29T12:26:32","date_gmt":"2015-10-29T15:26:32","guid":{"rendered":"http:\/\/professorjuniorgeo.com.br\/portal\/?p=932"},"modified":"2015-10-29T12:26:32","modified_gmt":"2015-10-29T15:26:32","slug":"vereador-junior-geo-cobra-transparencia-a-secretaria-municipal-de-financas","status":"publish","type":"post","link":"https:\/\/professorjuniorgeo.com.br\/inicio\/blog\/2015\/10\/29\/vereador-junior-geo-cobra-transparencia-a-secretaria-municipal-de-financas\/","title":{"rendered":"Vereador J\u00fanior Geo cobra transpar\u00eancia \u00e0 Secretaria Municipal de Finan\u00e7as"},"content":{"rendered":"<p style=\"text-align: center;\"><em>Durante sess\u00e3o especial, o parlamentar pediu que o secret\u00e1rio respons\u00e1vel pela pasta facilite o acesso aos dados financeiros da gest\u00e3o <\/em><\/p>\n<p><em>Por Camylla Costa<\/em><\/p>\n<p>Em sess\u00e3o especial nesta quinta-feira, 29, destinada \u00e0 presta\u00e7\u00e3o de contas da Secretaria Municipal de Finan\u00e7as na C\u00e2mara de Palmas, o vereador professor J\u00fanior Geo questionou a falta de acesso aos dados apresentados na ocasi\u00e3o. Segundo o parlamentar, o gestor da pasta, Cl\u00e1udio Schuller, n\u00e3o enviou com anteced\u00eancia os n\u00fameros que se referem \u00e0s receitas e despesas da gest\u00e3o municipal e quando questionado pediu que Geo acessasse o Portal da Transpar\u00eancia, que por sua vez tamb\u00e9m n\u00e3o oferecia as informa\u00e7\u00f5es necess\u00e1rias.<\/p>\n<p>O vereador destacou ainda que ao solicitar os dados para que os questionamentos fossem feitos na oportunidade com os devidos crit\u00e9rios, Schuller teria afirmado que apenas responderia requerimentos protocolados na Casa de Leis. \u201cA Lei da Transpar\u00eancia garante nosso direito de ser respondido. \u00c9 um desrespeito n\u00e3o ter as d\u00favidas esclarecidas e ainda ter que recorrer a uma plataforma que \u00e9 ineficaz\u201d, reivindicou.<\/p>\n<p><strong>Gest\u00e3o de gastos<\/strong><\/p>\n<p>Segundo Geo, os or\u00e7amentos aprovados para algumas pastas n\u00e3o foram executados e n\u00e3o h\u00e1 esclarecimentos sobre estas finan\u00e7as remanescentes. \u201cPrecisamos de uma justificativa a respeito disto e frustra\u00e7\u00e3o com a transfer\u00eancia do Governo Federal n\u00e3o pode ser utilizada como desculpa\u201d, disse.<\/p>\n<p><a href=\"http:\/\/professorjuniorgeo.com.br\/portal\/2015\/10\/junior-geo-pede-a-camara-de-palmas-que-convoque-secretario-de-acessibilidade-mobilidade-transito-e-transporte-a-prestar-contas\/\">A m\u00e1 gest\u00e3o com o dinheiro p\u00fablico na Secretaria de Acessibilidade, Mobilidade, Tr\u00e2nsito e Transporte, j\u00e1 mencionada pelo parlamentar na sess\u00e3o de ontem<\/a>, foi relembrada na ocasi\u00e3o. \u201cReconhe\u00e7o a necessidade de campanhas de conscientiza\u00e7\u00e3o no tr\u00e2nsito, por\u00e9m precisamos avaliar melhor os investimentos. 10 mil reais por m\u00eas n\u00e3o \u00e9 uma boa ideia no atual cen\u00e1rio de crise em que a gest\u00e3o aposta na redu\u00e7\u00e3o dos sal\u00e1rios dos servidores. \u00c9 contradit\u00f3rio\u201d, refor\u00e7ou.<\/p>\n<p>J\u00fanior Geo tamb\u00e9m questionou a porcentagem de investimento na educa\u00e7\u00e3o apresentada na presta\u00e7\u00e3o de contas. O gestor da pasta afirmou que de acordo com o c\u00e1lculo da Lei de Responsabilidade Fiscal, 25% foi gasto com a pasta. J\u00e1 segundo o parlamentar, em reuni\u00e3o com a categoria, o secret\u00e1rio Danilo Melo teria apresentado 28% como percentual de investimento.<\/p>\n","protected":false},"excerpt":{"rendered":"<p>Durante sess\u00e3o especial, o parlamentar pediu que o secret\u00e1rio respons\u00e1vel pela pasta facilite o acesso aos dados financeiros da gest\u00e3o Por Camylla Costa Em sess\u00e3o especial nesta quinta-feira, 29, destinada \u00e0 presta\u00e7\u00e3o de contas da Secretaria Municipal de Finan\u00e7as na C\u00e2mara de Palmas, o vereador professor J\u00fanior Geo questionou a falta de acesso aos dados [&hellip;]<\/p>\n","protected":false},"author":3,"featured_media":933,"comment_status":"open","ping_status":"open","sticky":false,"template":"","format":"standard","meta":{"ngg_post_thumbnail":0,"footnotes":"","_links_to":"","_links_to_target":""},"categories":[23],"tags":[],"class_list":{"0":"post-932","1":"post","2":"type-post","3":"status-publish","4":"format-standard","5":"has-post-thumbnail","7":"category-noticias"},"yoast_head":"<!-- This site is optimized with the Yoast SEO plugin v27.2 - https:\/\/yoast.com\/product\/yoast-seo-wordpress\/ -->\n<title>Vereador J\u00fanior Geo cobra transpar\u00eancia \u00e0 Secretaria Municipal de Finan\u00e7as - Junior Geo<\/title>\n<meta name=\"robots\" content=\"index, follow, max-snippet:-1, max-image-preview:large, max-video-preview:-1\" \/>\n<link rel=\"canonical\" href=\"https:\/\/professorjuniorgeo.com.br\/inicio\/blog\/2015\/10\/29\/vereador-junior-geo-cobra-transparencia-a-secretaria-municipal-de-financas\/\" \/>\n<meta property=\"og:locale\" content=\"pt_PT\" \/>\n<meta property=\"og:type\" content=\"article\" \/>\n<meta property=\"og:title\" content=\"Vereador J\u00fanior Geo cobra transpar\u00eancia \u00e0 Secretaria Municipal de Finan\u00e7as - Junior Geo\" \/>\n<meta property=\"og:description\" content=\"Durante sess\u00e3o especial, o parlamentar pediu que o secret\u00e1rio respons\u00e1vel pela pasta facilite o acesso aos dados financeiros da gest\u00e3o Por Camylla Costa Em sess\u00e3o especial nesta quinta-feira, 29, destinada \u00e0 presta\u00e7\u00e3o de contas da Secretaria Municipal de Finan\u00e7as na C\u00e2mara de Palmas, o vereador professor J\u00fanior Geo questionou a falta de acesso aos dados [&hellip;]\" \/>\n<meta property=\"og:url\" content=\"https:\/\/professorjuniorgeo.com.br\/inicio\/blog\/2015\/10\/29\/vereador-junior-geo-cobra-transparencia-a-secretaria-municipal-de-financas\/\" \/>\n<meta property=\"og:site_name\" content=\"Junior Geo\" \/>\n<meta property=\"article:published_time\" content=\"2015-10-29T15:26:32+00:00\" \/>\n<meta name=\"author\" content=\"Junior Geo\" \/>\n<meta name=\"twitter:card\" content=\"summary_large_image\" \/>\n<meta name=\"twitter:creator\" content=\"@prof_juniorgeo\" \/>\n<meta name=\"twitter:site\" content=\"@prof_juniorgeo\" \/>\n<meta name=\"twitter:label1\" content=\"Written by\" \/>\n\t<meta name=\"twitter:data1\" content=\"Junior Geo\" \/>\n\t<meta name=\"twitter:label2\" content=\"Est. reading time\" \/>\n\t<meta name=\"twitter:data2\" content=\"2 minutos\" \/>\n<script type=\"application\/ld+json\" class=\"yoast-schema-graph\">{\"@context\":\"https:\/\/schema.org\",\"@graph\":[{\"@type\":\"Article\",\"@id\":\"https:\/\/professorjuniorgeo.com.br\/inicio\/blog\/2015\/10\/29\/vereador-junior-geo-cobra-transparencia-a-secretaria-municipal-de-financas\/#article\",\"isPartOf\":{\"@id\":\"https:\/\/professorjuniorgeo.com.br\/inicio\/blog\/2015\/10\/29\/vereador-junior-geo-cobra-transparencia-a-secretaria-municipal-de-financas\/\"},\"author\":{\"name\":\"Junior Geo\",\"@id\":\"https:\/\/professorjuniorgeo.com.br\/inicio\/blog\/#\/schema\/person\/b410d99e2a067c5581355dacd1508d03\"},\"headline\":\"Vereador J\u00fanior Geo cobra transpar\u00eancia \u00e0 Secretaria Municipal de Finan\u00e7as\",\"datePublished\":\"2015-10-29T15:26:32+00:00\",\"mainEntityOfPage\":{\"@id\":\"https:\/\/professorjuniorgeo.com.br\/inicio\/blog\/2015\/10\/29\/vereador-junior-geo-cobra-transparencia-a-secretaria-municipal-de-financas\/\"},\"wordCount\":398,\"commentCount\":0,\"publisher\":{\"@id\":\"https:\/\/professorjuniorgeo.com.br\/inicio\/blog\/#organization\"},\"image\":{\"@id\":\"https:\/\/professorjuniorgeo.com.br\/inicio\/blog\/2015\/10\/29\/vereador-junior-geo-cobra-transparencia-a-secretaria-municipal-de-financas\/#primaryimage\"},\"thumbnailUrl\":\"\",\"articleSection\":[\"Not\u00edcias\"],\"inLanguage\":\"pt-PT\",\"potentialAction\":[{\"@type\":\"CommentAction\",\"name\":\"Comment\",\"target\":[\"https:\/\/professorjuniorgeo.com.br\/inicio\/blog\/2015\/10\/29\/vereador-junior-geo-cobra-transparencia-a-secretaria-municipal-de-financas\/#respond\"]}]},{\"@type\":\"WebPage\",\"@id\":\"https:\/\/professorjuniorgeo.com.br\/inicio\/blog\/2015\/10\/29\/vereador-junior-geo-cobra-transparencia-a-secretaria-municipal-de-financas\/\",\"url\":\"https:\/\/professorjuniorgeo.com.br\/inicio\/blog\/2015\/10\/29\/vereador-junior-geo-cobra-transparencia-a-secretaria-municipal-de-financas\/\",\"name\":\"Vereador J\u00fanior Geo cobra transpar\u00eancia \u00e0 Secretaria Municipal de Finan\u00e7as - Junior Geo\",\"isPartOf\":{\"@id\":\"https:\/\/professorjuniorgeo.com.br\/inicio\/blog\/#website\"},\"primaryImageOfPage\":{\"@id\":\"https:\/\/professorjuniorgeo.com.br\/inicio\/blog\/2015\/10\/29\/vereador-junior-geo-cobra-transparencia-a-secretaria-municipal-de-financas\/#primaryimage\"},\"image\":{\"@id\":\"https:\/\/professorjuniorgeo.com.br\/inicio\/blog\/2015\/10\/29\/vereador-junior-geo-cobra-transparencia-a-secretaria-municipal-de-financas\/#primaryimage\"},\"thumbnailUrl\":\"\",\"datePublished\":\"2015-10-29T15:26:32+00:00\",\"breadcrumb\":{\"@id\":\"https:\/\/professorjuniorgeo.com.br\/inicio\/blog\/2015\/10\/29\/vereador-junior-geo-cobra-transparencia-a-secretaria-municipal-de-financas\/#breadcrumb\"},\"inLanguage\":\"pt-PT\",\"potentialAction\":[{\"@type\":\"ReadAction\",\"target\":[\"https:\/\/professorjuniorgeo.com.br\/inicio\/blog\/2015\/10\/29\/vereador-junior-geo-cobra-transparencia-a-secretaria-municipal-de-financas\/\"]}]},{\"@type\":\"ImageObject\",\"inLanguage\":\"pt-PT\",\"@id\":\"https:\/\/professorjuniorgeo.com.br\/inicio\/blog\/2015\/10\/29\/vereador-junior-geo-cobra-transparencia-a-secretaria-municipal-de-financas\/#primaryimage\",\"url\":\"\",\"contentUrl\":\"\"},{\"@type\":\"BreadcrumbList\",\"@id\":\"https:\/\/professorjuniorgeo.com.br\/inicio\/blog\/2015\/10\/29\/vereador-junior-geo-cobra-transparencia-a-secretaria-municipal-de-financas\/#breadcrumb\",\"itemListElement\":[{\"@type\":\"ListItem\",\"position\":1,\"name\":\"Home\",\"item\":\"https:\/\/professorjuniorgeo.com.br\/inicio\/blog\/\"},{\"@type\":\"ListItem\",\"position\":2,\"name\":\"Vereador J\u00fanior Geo cobra transpar\u00eancia \u00e0 Secretaria Municipal de Finan\u00e7as\"}]},{\"@type\":\"WebSite\",\"@id\":\"https:\/\/professorjuniorgeo.com.br\/inicio\/blog\/#website\",\"url\":\"https:\/\/professorjuniorgeo.com.br\/inicio\/blog\/\",\"name\":\"Junior Geo Deputado Estadual\",\"description\":\"Professor Junior Geo\",\"publisher\":{\"@id\":\"https:\/\/professorjuniorgeo.com.br\/inicio\/blog\/#organization\"},\"potentialAction\":[{\"@type\":\"SearchAction\",\"target\":{\"@type\":\"EntryPoint\",\"urlTemplate\":\"https:\/\/professorjuniorgeo.com.br\/inicio\/blog\/?s={search_term_string}\"},\"query-input\":{\"@type\":\"PropertyValueSpecification\",\"valueRequired\":true,\"valueName\":\"search_term_string\"}}],\"inLanguage\":\"pt-PT\"},{\"@type\":\"Organization\",\"@id\":\"https:\/\/professorjuniorgeo.com.br\/inicio\/blog\/#organization\",\"name\":\"Junior Geo Deputado Estadual\",\"url\":\"https:\/\/professorjuniorgeo.com.br\/inicio\/blog\/\",\"logo\":{\"@type\":\"ImageObject\",\"inLanguage\":\"pt-PT\",\"@id\":\"https:\/\/professorjuniorgeo.com.br\/inicio\/blog\/#\/schema\/logo\/image\/\",\"url\":\"https:\/\/professorjuniorgeo.com.br\/inicio\/blog\/wp-content\/uploads\/2023\/02\/cropped-logo.png\",\"contentUrl\":\"https:\/\/professorjuniorgeo.com.br\/inicio\/blog\/wp-content\/uploads\/2023\/02\/cropped-logo.png\",\"width\":1736,\"height\":416,\"caption\":\"Junior Geo Deputado Estadual\"},\"image\":{\"@id\":\"https:\/\/professorjuniorgeo.com.br\/inicio\/blog\/#\/schema\/logo\/image\/\"},\"sameAs\":[\"https:\/\/x.com\/prof_juniorgeo\",\"https:\/\/www.instagram.com\/prof_juniorgeo\/\"]},{\"@type\":\"Person\",\"@id\":\"https:\/\/professorjuniorgeo.com.br\/inicio\/blog\/#\/schema\/person\/b410d99e2a067c5581355dacd1508d03\",\"name\":\"Junior Geo\",\"image\":{\"@type\":\"ImageObject\",\"inLanguage\":\"pt-PT\",\"@id\":\"https:\/\/secure.gravatar.com\/avatar\/4a183b8fe59449f23caec60faabe3ad350a91e0b8cdf49ada6b375a741cf53e5?s=96&d=mm&r=g\",\"url\":\"https:\/\/secure.gravatar.com\/avatar\/4a183b8fe59449f23caec60faabe3ad350a91e0b8cdf49ada6b375a741cf53e5?s=96&d=mm&r=g\",\"contentUrl\":\"https:\/\/secure.gravatar.com\/avatar\/4a183b8fe59449f23caec60faabe3ad350a91e0b8cdf49ada6b375a741cf53e5?s=96&d=mm&r=g\",\"caption\":\"Junior Geo\"},\"url\":\"https:\/\/professorjuniorgeo.com.br\/inicio\/blog\/author\/juniorgeo\/\"}]}<\/script>\n<!-- \/ Yoast SEO plugin. -->","yoast_head_json":{"title":"Vereador J\u00fanior Geo cobra transpar\u00eancia \u00e0 Secretaria Municipal de Finan\u00e7as - Junior Geo","robots":{"index":"index","follow":"follow","max-snippet":"max-snippet:-1","max-image-preview":"max-image-preview:large","max-video-preview":"max-video-preview:-1"},"canonical":"https:\/\/professorjuniorgeo.com.br\/inicio\/blog\/2015\/10\/29\/vereador-junior-geo-cobra-transparencia-a-secretaria-municipal-de-financas\/","og_locale":"pt_PT","og_type":"article","og_title":"Vereador J\u00fanior Geo cobra transpar\u00eancia \u00e0 Secretaria Municipal de Finan\u00e7as - Junior Geo","og_description":"Durante sess\u00e3o especial, o parlamentar pediu que o secret\u00e1rio respons\u00e1vel pela pasta facilite o acesso aos dados financeiros da gest\u00e3o Por Camylla Costa Em sess\u00e3o especial nesta quinta-feira, 29, destinada \u00e0 presta\u00e7\u00e3o de contas da Secretaria Municipal de Finan\u00e7as na C\u00e2mara de Palmas, o vereador professor J\u00fanior Geo questionou a falta de acesso aos dados [&hellip;]","og_url":"https:\/\/professorjuniorgeo.com.br\/inicio\/blog\/2015\/10\/29\/vereador-junior-geo-cobra-transparencia-a-secretaria-municipal-de-financas\/","og_site_name":"Junior Geo","article_published_time":"2015-10-29T15:26:32+00:00","author":"Junior Geo","twitter_card":"summary_large_image","twitter_creator":"@prof_juniorgeo","twitter_site":"@prof_juniorgeo","twitter_misc":{"Written by":"Junior Geo","Est. reading time":"2 minutos"},"schema":{"@context":"https:\/\/schema.org","@graph":[{"@type":"Article","@id":"https:\/\/professorjuniorgeo.com.br\/inicio\/blog\/2015\/10\/29\/vereador-junior-geo-cobra-transparencia-a-secretaria-municipal-de-financas\/#article","isPartOf":{"@id":"https:\/\/professorjuniorgeo.com.br\/inicio\/blog\/2015\/10\/29\/vereador-junior-geo-cobra-transparencia-a-secretaria-municipal-de-financas\/"},"author":{"name":"Junior Geo","@id":"https:\/\/professorjuniorgeo.com.br\/inicio\/blog\/#\/schema\/person\/b410d99e2a067c5581355dacd1508d03"},"headline":"Vereador J\u00fanior Geo cobra transpar\u00eancia \u00e0 Secretaria Municipal de Finan\u00e7as","datePublished":"2015-10-29T15:26:32+00:00","mainEntityOfPage":{"@id":"https:\/\/professorjuniorgeo.com.br\/inicio\/blog\/2015\/10\/29\/vereador-junior-geo-cobra-transparencia-a-secretaria-municipal-de-financas\/"},"wordCount":398,"commentCount":0,"publisher":{"@id":"https:\/\/professorjuniorgeo.com.br\/inicio\/blog\/#organization"},"image":{"@id":"https:\/\/professorjuniorgeo.com.br\/inicio\/blog\/2015\/10\/29\/vereador-junior-geo-cobra-transparencia-a-secretaria-municipal-de-financas\/#primaryimage"},"thumbnailUrl":"","articleSection":["Not\u00edcias"],"inLanguage":"pt-PT","potentialAction":[{"@type":"CommentAction","name":"Comment","target":["https:\/\/professorjuniorgeo.com.br\/inicio\/blog\/2015\/10\/29\/vereador-junior-geo-cobra-transparencia-a-secretaria-municipal-de-financas\/#respond"]}]},{"@type":"WebPage","@id":"https:\/\/professorjuniorgeo.com.br\/inicio\/blog\/2015\/10\/29\/vereador-junior-geo-cobra-transparencia-a-secretaria-municipal-de-financas\/","url":"https:\/\/professorjuniorgeo.com.br\/inicio\/blog\/2015\/10\/29\/vereador-junior-geo-cobra-transparencia-a-secretaria-municipal-de-financas\/","name":"Vereador J\u00fanior Geo cobra transpar\u00eancia \u00e0 Secretaria Municipal de Finan\u00e7as - Junior Geo","isPartOf":{"@id":"https:\/\/professorjuniorgeo.com.br\/inicio\/blog\/#website"},"primaryImageOfPage":{"@id":"https:\/\/professorjuniorgeo.com.br\/inicio\/blog\/2015\/10\/29\/vereador-junior-geo-cobra-transparencia-a-secretaria-municipal-de-financas\/#primaryimage"},"image":{"@id":"https:\/\/professorjuniorgeo.com.br\/inicio\/blog\/2015\/10\/29\/vereador-junior-geo-cobra-transparencia-a-secretaria-municipal-de-financas\/#primaryimage"},"thumbnailUrl":"","datePublished":"2015-10-29T15:26:32+00:00","breadcrumb":{"@id":"https:\/\/professorjuniorgeo.com.br\/inicio\/blog\/2015\/10\/29\/vereador-junior-geo-cobra-transparencia-a-secretaria-municipal-de-financas\/#breadcrumb"},"inLanguage":"pt-PT","potentialAction":[{"@type":"ReadAction","target":["https:\/\/professorjuniorgeo.com.br\/inicio\/blog\/2015\/10\/29\/vereador-junior-geo-cobra-transparencia-a-secretaria-municipal-de-financas\/"]}]},{"@type":"ImageObject","inLanguage":"pt-PT","@id":"https:\/\/professorjuniorgeo.com.br\/inicio\/blog\/2015\/10\/29\/vereador-junior-geo-cobra-transparencia-a-secretaria-municipal-de-financas\/#primaryimage","url":"","contentUrl":""},{"@type":"BreadcrumbList","@id":"https:\/\/professorjuniorgeo.com.br\/inicio\/blog\/2015\/10\/29\/vereador-junior-geo-cobra-transparencia-a-secretaria-municipal-de-financas\/#breadcrumb","itemListElement":[{"@type":"ListItem","position":1,"name":"Home","item":"https:\/\/professorjuniorgeo.com.br\/inicio\/blog\/"},{"@type":"ListItem","position":2,"name":"Vereador J\u00fanior Geo cobra transpar\u00eancia \u00e0 Secretaria Municipal de Finan\u00e7as"}]},{"@type":"WebSite","@id":"https:\/\/professorjuniorgeo.com.br\/inicio\/blog\/#website","url":"https:\/\/professorjuniorgeo.com.br\/inicio\/blog\/","name":"Junior Geo Deputado Estadual","description":"Professor Junior Geo","publisher":{"@id":"https:\/\/professorjuniorgeo.com.br\/inicio\/blog\/#organization"},"potentialAction":[{"@type":"SearchAction","target":{"@type":"EntryPoint","urlTemplate":"https:\/\/professorjuniorgeo.com.br\/inicio\/blog\/?s={search_term_string}"},"query-input":{"@type":"PropertyValueSpecification","valueRequired":true,"valueName":"search_term_string"}}],"inLanguage":"pt-PT"},{"@type":"Organization","@id":"https:\/\/professorjuniorgeo.com.br\/inicio\/blog\/#organization","name":"Junior Geo Deputado Estadual","url":"https:\/\/professorjuniorgeo.com.br\/inicio\/blog\/","logo":{"@type":"ImageObject","inLanguage":"pt-PT","@id":"https:\/\/professorjuniorgeo.com.br\/inicio\/blog\/#\/schema\/logo\/image\/","url":"https:\/\/professorjuniorgeo.com.br\/inicio\/blog\/wp-content\/uploads\/2023\/02\/cropped-logo.png","contentUrl":"https:\/\/professorjuniorgeo.com.br\/inicio\/blog\/wp-content\/uploads\/2023\/02\/cropped-logo.png","width":1736,"height":416,"caption":"Junior Geo Deputado Estadual"},"image":{"@id":"https:\/\/professorjuniorgeo.com.br\/inicio\/blog\/#\/schema\/logo\/image\/"},"sameAs":["https:\/\/x.com\/prof_juniorgeo","https:\/\/www.instagram.com\/prof_juniorgeo\/"]},{"@type":"Person","@id":"https:\/\/professorjuniorgeo.com.br\/inicio\/blog\/#\/schema\/person\/b410d99e2a067c5581355dacd1508d03","name":"Junior Geo","image":{"@type":"ImageObject","inLanguage":"pt-PT","@id":"https:\/\/secure.gravatar.com\/avatar\/4a183b8fe59449f23caec60faabe3ad350a91e0b8cdf49ada6b375a741cf53e5?s=96&d=mm&r=g","url":"https:\/\/secure.gravatar.com\/avatar\/4a183b8fe59449f23caec60faabe3ad350a91e0b8cdf49ada6b375a741cf53e5?s=96&d=mm&r=g","contentUrl":"https:\/\/secure.gravatar.com\/avatar\/4a183b8fe59449f23caec60faabe3ad350a91e0b8cdf49ada6b375a741cf53e5?s=96&d=mm&r=g","caption":"Junior Geo"},"url":"https:\/\/professorjuniorgeo.com.br\/inicio\/blog\/author\/juniorgeo\/"}]}},"_links":{"self":[{"href":"https:\/\/professorjuniorgeo.com.br\/inicio\/blog\/wp-json\/wp\/v2\/posts\/932","targetHints":{"allow":["GET"]}}],"collection":[{"href":"https:\/\/professorjuniorgeo.com.br\/inicio\/blog\/wp-json\/wp\/v2\/posts"}],"about":[{"href":"https:\/\/professorjuniorgeo.com.br\/inicio\/blog\/wp-json\/wp\/v2\/types\/post"}],"author":[{"embeddable":true,"href":"https:\/\/professorjuniorgeo.com.br\/inicio\/blog\/wp-json\/wp\/v2\/users\/3"}],"replies":[{"embeddable":true,"href":"https:\/\/professorjuniorgeo.com.br\/inicio\/blog\/wp-json\/wp\/v2\/comments?post=932"}],"version-history":[{"count":0,"href":"https:\/\/professorjuniorgeo.com.br\/inicio\/blog\/wp-json\/wp\/v2\/posts\/932\/revisions"}],"wp:featuredmedia":[{"embeddable":true,"href":"https:\/\/professorjuniorgeo.com.br\/inicio\/blog\/wp-json\/"}],"wp:attachment":[{"href":"https:\/\/professorjuniorgeo.com.br\/inicio\/blog\/wp-json\/wp\/v2\/media?parent=932"}],"wp:term":[{"taxonomy":"category","embeddable":true,"href":"https:\/\/professorjuniorgeo.com.br\/inicio\/blog\/wp-json\/wp\/v2\/categories?post=932"},{"taxonomy":"post_tag","embeddable":true,"href":"https:\/\/professorjuniorgeo.com.br\/inicio\/blog\/wp-json\/wp\/v2\/tags?post=932"}],"curies":[{"name":"wp","href":"https:\/\/api.w.org\/{rel}","templated":true}]}}